{"id":15114,"date":"2023-12-14T08:33:36","date_gmt":"2023-12-14T07:33:36","guid":{"rendered":"https:\/\/lindemannlaw.ch\/?p=15114"},"modified":"2023-12-14T10:24:03","modified_gmt":"2023-12-14T09:24:03","slug":"swiss-capitalmarket-forum-2024-rethinking-corporate-governance","status":"publish","type":"post","link":"https:\/\/lindemannlaw.ch\/de\/events\/swiss-capitalmarket-forum-2024-rethinking-corporate-governance\/","title":{"rendered":"Beyond the Scandals: Reshaping Corporate Future | Swiss Capitalmarket Forum 2024 | 25. Januar 2024"},"content":{"rendered":"<h3>25. Januar 2024 | Z\u00fcrich| 14:00 CET<\/h3>\n<h3><\/h3>\n<h3><strong>Konferenz<\/strong> mit Ap\u00e9ro Riche im Zunfthaus zum Zimmerleuten, Limmatquai 40, 8001 Z\u00fcrich, Schweiz<\/h3>\n<h3><\/h3>\n<h6><a href=\"https:\/\/capitalmarketforum.swiss\/product\/swiss-capitalmarket-forum-2024\/\">Tickets kaufen!<\/a><\/h6>\n<p>&nbsp;<\/p>\n<p>In einem schnelllebigen, technologiebasierten Markt ist Corporate Governance stets im Wandel. Wir bringen Experten aus verschiedenen Bereichen zusammen, um die wichtigsten aktuellen Herausforderungen der Corporate Governance zu analysieren und zu l\u00f6sen:<\/p>\n<p><strong>\u2714 Entgleiste Governance: Enth\u00fcllung der Schattenseiten von Unternehmensskandalen<\/strong><\/p>\n<p><strong>\u2714 Navigation durch das Labyrinth der Corporate Governance in der Schweiz<\/strong><\/p>\n<p><strong>\u2714 Wie Sie Unternehmen gut durch schnelllebige Zeiten dirigieren<\/strong><\/p>\n<p><strong>\u2714\u00a0<\/strong><strong>Ist die staatliche und interne Governance im Gleichgewicht?<\/strong><\/p>\n<p><strong>\u2714 Wie spielen der VR und die GL an der Entwicklung der Corporate Governance optimal zusammen?<\/strong><\/p>\n<p><strong>\u2714\u00a0<\/strong><strong>Wie Aktion\u00e4re auf Unternehmensentscheidungen aktiv Einfluss nehmen k\u00f6nnen<\/strong><\/p>\n<p>Die Konferenz wird organisiert und moderiert vom Swiss Capitalmarketforum &#8211; Financial Markets Dialog of Executives.<\/p>\n<p>&nbsp;<\/p>\n<p>&nbsp;<\/p>\n<hr \/>\n<div class=\"et_pb_row et_pb_row_2\">\n<div class=\"et_pb_column et_pb_column_4_4 et_pb_column_2 et_pb_css_mix_blend_mode_passthrough et-last-child\">\n<div class=\"et_pb_module et_pb_text et_pb_text_1 et_pb_text_align_left et_pb_bg_layout_light\">\n<div class=\"et_pb_text_inner\">\n<h1><strong>PROGRAMM 2024<\/strong><\/h1>\n<\/div>\n<\/div>\n<\/div>\n<\/div>\n<div class=\"et_pb_with_border et_pb_row et_pb_row_3 et_pb_row_1-4_1-4_1-2 et_had_animation\">\n<div class=\"et_pb_column et_pb_column_1_4 et_pb_column_3 et_pb_css_mix_blend_mode_passthrough\">\n<div class=\"et_pb_module et_pb_text et_pb_text_2 et_pb_text_align_left et_pb_bg_layout_light\">\n<div class=\"et_pb_text_inner\">\n<p><strong>13:00 \u2013 14:00<\/strong><\/p>\n<\/div>\n<\/div>\n<\/div>\n<div class=\"et_pb_column et_pb_column_1_4 et_pb_column_4 et_pb_css_mix_blend_mode_passthrough\">\n<div class=\"et_pb_module et_pb_text et_pb_text_3 et_pb_text_align_left et_pb_bg_layout_light\">\n<div class=\"et_pb_text_inner\">\n<p><strong>Registrierung &amp; Sandwiches<\/strong><\/p>\n<\/div>\n<\/div>\n<\/div>\n<div class=\"et_pb_column et_pb_column_1_2 et_pb_column_5 et_pb_css_mix_blend_mode_passthrough et-last-child et_pb_column_empty\"><\/div>\n<\/div>\n<div class=\"et_pb_with_border et_pb_row et_pb_row_4 et_pb_row_1-4_1-4_1-2 et_had_animation\">\n<div class=\"et_pb_column et_pb_column_1_4 et_pb_column_6 et_pb_css_mix_blend_mode_passthrough\">\n<div class=\"et_pb_module et_pb_text et_pb_text_4 et_pb_text_align_left et_pb_bg_layout_light\">\n<div class=\"et_pb_text_inner\">\n<p><strong>14:00<\/strong><\/p>\n<\/div>\n<\/div>\n<\/div>\n<div class=\"et_pb_column et_pb_column_1_4 et_pb_column_7 et_pb_css_mix_blend_mode_passthrough\">\n<div class=\"et_pb_module et_pb_text et_pb_text_5 et_pb_text_align_left et_pb_bg_layout_light\">\n<div class=\"et_pb_text_inner\">\n<p><strong>WELCOME<\/strong><\/p>\n<\/div>\n<\/div>\n<\/div>\n<div class=\"et_pb_column et_pb_column_1_2 et_pb_column_8 et_pb_css_mix_blend_mode_passthrough et-last-child\">\n<div class=\"et_pb_module et_pb_text et_pb_text_6 et_pb_text_align_left et_pb_bg_layout_light\">\n<div class=\"et_pb_text_inner\">\n<p><strong>Dr. Alexander Lindemann<\/strong>, Pr\u00e4sident des SWISS CAPITALMARKETFORUM, Managing Partner bei LINDEMANNLAW<\/p>\n<p><strong>Matthias M\u00fcller<\/strong>, Vizepr\u00e4sident des\u00a0 SWISS CAPITALMARKET FORUM, CCO der BX SWISS AG<\/p>\n<\/div>\n<\/div>\n<\/div>\n<\/div>\n<div class=\"et_pb_with_border et_pb_row et_pb_row_5 et_pb_row_1-4_1-4_1-2 et_had_animation\">\n<div class=\"et_pb_column et_pb_column_1_4 et_pb_column_9 et_pb_css_mix_blend_mode_passthrough\">\n<div class=\"et_pb_module et_pb_text et_pb_text_7 et_pb_text_align_left et_pb_bg_layout_light\">\n<div class=\"et_pb_text_inner\">\n<p><strong>14:00 \u2013 14:30<\/strong><\/p>\n<\/div>\n<\/div>\n<\/div>\n<div class=\"et_pb_column et_pb_column_1_4 et_pb_column_10 et_pb_css_mix_blend_mode_passthrough\">\n<div class=\"et_pb_module et_pb_text et_pb_text_8 et_pb_text_align_left et_pb_bg_layout_light\">\n<div class=\"et_pb_text_inner\">\n<p><strong>Die Zukunft der Unternehmensf\u00fchrung: Herausforderungen und Chancen f\u00fcr eine moderne Corporate Governance<\/strong><\/p>\n<\/div>\n<\/div>\n<\/div>\n<div class=\"et_pb_column et_pb_column_1_2 et_pb_column_11 et_pb_css_mix_blend_mode_passthrough et-last-child\">\n<div class=\"et_pb_module et_pb_text et_pb_text_9 et_pb_text_align_left et_pb_bg_layout_light\">\n<div class=\"et_pb_text_inner\">\n<p><b>Ueli Maurer,<\/b><b>\u00a0<\/b>Altbundesrat, ehm. Vorsteher des Eidgen\u00f6ssischen Finanzdepartements<\/p>\n<\/div>\n<\/div>\n<\/div>\n<\/div>\n<div class=\"et_pb_with_border et_pb_row et_pb_row_6 et_pb_row_1-4_1-4_1-2 et_had_animation\">\n<div class=\"et_pb_column et_pb_column_1_4 et_pb_column_12 et_pb_css_mix_blend_mode_passthrough\">\n<div class=\"et_pb_module et_pb_text et_pb_text_10 et_pb_text_align_left et_pb_bg_layout_light\">\n<div class=\"et_pb_text_inner\">\n<p><strong>14:30 \u2013 15:15<\/strong><\/p>\n<\/div>\n<\/div>\n<\/div>\n<div class=\"et_pb_column et_pb_column_1_4 et_pb_column_13 et_pb_css_mix_blend_mode_passthrough\">\n<div class=\"et_pb_module et_pb_text et_pb_text_11 et_pb_text_align_left et_pb_bg_layout_light\">\n<div class=\"et_pb_text_inner\">\n<p><strong>PANEL 1: Corporate Governance im Zusammenspiel zwischen Gesch\u00e4ftsleitung und Verwaltungsrat<\/strong><\/p>\n<\/div>\n<\/div>\n<\/div>\n<div class=\"et_pb_column et_pb_column_1_2 et_pb_column_14 et_pb_css_mix_blend_mode_passthrough et-last-child\">\n<div class=\"et_pb_module et_pb_text et_pb_text_12 et_pb_text_align_left et_pb_bg_layout_light\">\n<div class=\"et_pb_text_inner\">\n<p><strong>Dr. Ariel Sergio Davidoff<\/strong>, Vizepr\u00e4sident des SWISS CAPITALMARKETFORUM, Partner bei LINDEMANNLAW, Multi-Verwaltungsrat<\/p>\n<p><strong>Dr. Thomas D\u00fcbendorfer<\/strong>, Pr\u00e4sident und Mitgr\u00fcnder vom Angel Investor Club SICTIC<\/p>\n<p><strong>Dr. Catrina Luchsinger Gaehwiler<\/strong>, Partnerin bei MLL Legal<\/p>\n<p><strong>Dr. Stephan Wartmann<\/strong>,\u00a0 CEO der BRUGG Group, Verwaltungsratspr\u00e4sident der Pestalozzi Group, Verwaltungsrat der SEFAR Group<\/p>\n<p>Moderation:\u00a0<strong>Daniel Aghdami<\/strong>, Managing Partner bei BoardOwl<\/p>\n<\/div>\n<\/div>\n<\/div>\n<\/div>\n<div class=\"et_pb_with_border et_pb_row et_pb_row_7 et_pb_row_1-4_1-4_1-2 et_had_animation\">\n<div class=\"et_pb_column et_pb_column_1_4 et_pb_column_15 et_pb_css_mix_blend_mode_passthrough\">\n<div class=\"et_pb_module et_pb_text et_pb_text_13 et_pb_text_align_left et_pb_bg_layout_light\">\n<div class=\"et_pb_text_inner\">\n<p><strong>15:15 \u2013 15:45<\/strong><\/p>\n<\/div>\n<\/div>\n<\/div>\n<div class=\"et_pb_column et_pb_column_1_4 et_pb_column_16 et_pb_css_mix_blend_mode_passthrough\">\n<div class=\"et_pb_module et_pb_text et_pb_text_14 et_pb_text_align_left et_pb_bg_layout_light\">\n<div class=\"et_pb_text_inner\">\n<p><strong>KEY NOTE 2: Die Zukunft der Unternehmensverantwortung: Im Spannungsfeld zwischen Gewinnorientierung und Nachhaltigkeit<\/strong><\/p>\n<\/div>\n<\/div>\n<\/div>\n<div class=\"et_pb_column et_pb_column_1_2 et_pb_column_17 et_pb_css_mix_blend_mode_passthrough et-last-child\">\n<div class=\"et_pb_module et_pb_text et_pb_text_15 et_pb_text_align_left et_pb_bg_layout_light\">\n<div class=\"et_pb_text_inner\">\n<p><strong>Prof. Dr. Karl Hofstetter,\u00a0<\/strong>Titularprofessor an der Universit\u00e4t Z\u00fcrich<\/p>\n<p>&nbsp;<\/p>\n<\/div>\n<\/div>\n<\/div>\n<\/div>\n<div class=\"et_pb_with_border et_pb_row et_pb_row_8 et_pb_row_1-4_1-4_1-2 et_had_animation\">\n<div class=\"et_pb_column et_pb_column_1_4 et_pb_column_18 et_pb_css_mix_blend_mode_passthrough\">\n<div class=\"et_pb_module et_pb_text et_pb_text_16 et_pb_text_align_left et_pb_bg_layout_light\">\n<div class=\"et_pb_text_inner\">\n<p><strong>15:45 \u2013 16:15<\/strong><\/p>\n<\/div>\n<\/div>\n<\/div>\n<div class=\"et_pb_column et_pb_column_1_4 et_pb_column_19 et_pb_css_mix_blend_mode_passthrough\">\n<div class=\"et_pb_module et_pb_text et_pb_text_17 et_pb_text_align_left et_pb_bg_layout_light\">\n<div class=\"et_pb_text_inner\">\n<p><strong>PAUSE<\/strong><\/p>\n<\/div>\n<\/div>\n<\/div>\n<div class=\"et_pb_column et_pb_column_1_2 et_pb_column_20 et_pb_css_mix_blend_mode_passthrough et-last-child\">\n<div class=\"et_pb_module et_pb_text et_pb_text_18 et_pb_text_align_left et_pb_bg_layout_light\"><\/div>\n<\/div>\n<\/div>\n<div class=\"et_pb_with_border et_pb_row et_pb_row_9 et_pb_row_1-4_1-4_1-2 et_had_animation\">\n<div class=\"et_pb_column et_pb_column_1_4 et_pb_column_21 et_pb_css_mix_blend_mode_passthrough\">\n<div class=\"et_pb_module et_pb_text et_pb_text_19 et_pb_text_align_left et_pb_bg_layout_light\">\n<div class=\"et_pb_text_inner\">\n<p><strong>16:15 \u2013 17:00<\/strong><\/p>\n<\/div>\n<\/div>\n<\/div>\n<div class=\"et_pb_column et_pb_column_1_4 et_pb_column_22 et_pb_css_mix_blend_mode_passthrough\">\n<div class=\"et_pb_module et_pb_text et_pb_text_20 et_pb_text_align_left et_pb_bg_layout_light\">\n<div class=\"et_pb_text_inner\">\n<p><strong>PANEL 2: Schuld &amp; S\u00fchne \u2013 Finanzmarkt im Spannungsfeld zwischen Selbstregulierung und staatlicher Regulierung<\/strong><\/p>\n<\/div>\n<\/div>\n<\/div>\n<div class=\"et_pb_column et_pb_column_1_2 et_pb_column_23 et_pb_css_mix_blend_mode_passthrough et-last-child\">\n<div class=\"et_pb_module et_pb_text et_pb_text_21 et_pb_text_align_left et_pb_bg_layout_light\">\n<div class=\"et_pb_text_inner\">\n<p><strong>Patric Eymann<\/strong>, Head of Enforcement und Gesch\u00e4ftsleiter der FINMA<\/p>\n<p><strong>Prof. Dr. Hans Caspar von der Crone, LL.M. (Yale)<\/strong>, Partner bei von der Crone Rechtsanw\u00e4lte AG, Professor f\u00fcr Privat- und Wirtschaftsrecht an der Universit\u00e4t Z\u00fcrich (1997 \u2013 2022: Ordinarius f\u00fcr Privat- und Wirtschaftsrecht an der Universit\u00e4t Z\u00fcrich)<\/p>\n<p><strong>Dr. Andreas von Planta<\/strong>, Rechtsanwalt, ehem. Pr\u00e4sident des Regulatory Board SIX Group AG<\/p>\n<p><strong>Dr. Martin Waldburger<\/strong>, Partner bei Lehmann &amp; Waldburger Rechtsanw\u00e4lte, Schiedsrichter und Parteivertreter vor Schiedsgerichten<\/p>\n<p>Moderation:\u00a0<strong>Raphael Z\u00fcger<\/strong>, Rechtsanwalt bei LINDEMANNLAW<\/p>\n<\/div>\n<\/div>\n<\/div>\n<\/div>\n<div class=\"et_pb_with_border et_pb_row et_pb_row_10 et_pb_row_1-4_1-4_1-2 et_had_animation\">\n<div class=\"et_pb_column et_pb_column_1_4 et_pb_column_24 et_pb_css_mix_blend_mode_passthrough\">\n<div class=\"et_pb_module et_pb_text et_pb_text_22 et_pb_text_align_left et_pb_bg_layout_light\">\n<div class=\"et_pb_text_inner\">\n<p><strong>17:00 \u2013 17:45<\/strong><\/p>\n<\/div>\n<\/div>\n<\/div>\n<div class=\"et_pb_column et_pb_column_1_4 et_pb_column_25 et_pb_css_mix_blend_mode_passthrough\">\n<div class=\"et_pb_module et_pb_text et_pb_text_23 et_pb_text_align_left et_pb_bg_layout_light\">\n<div class=\"et_pb_text_inner\">\n<p><strong>PANEL 3: Active Ownership \u2013 Aktion\u00e4re in der Mitverantwortung<\/strong><\/p>\n<\/div>\n<\/div>\n<\/div>\n<div class=\"et_pb_column et_pb_column_1_2 et_pb_column_26 et_pb_css_mix_blend_mode_passthrough et-last-child\">\n<div class=\"et_pb_module et_pb_text et_pb_text_24 et_pb_text_align_left et_pb_bg_layout_light\">\n<div class=\"et_pb_text_inner\">\n<p><strong>Dr. Beat W. Hess<\/strong>, ehm. Verwaltungsratspr\u00e4sident bei Holcim<\/p>\n<p><strong>Matthias Narr,\u00a0<\/strong>Head Engagement International bei der Ethos Stiftung<\/p>\n<p><strong>Prof. Dr. Nina Reiser, LL.M. (Harvard),\u00a0<\/strong>Professorin f\u00fcr Finanzmarktrecht an der Universit\u00e4t St. Gallen<\/p>\n<p><strong>Prof. Dr. Urs Schenker, LL.M.,<\/strong>\u00a0 Senior Counsel bei Walder Wyss AG<\/p>\n<p>Moderation:\u00a0<strong>Prof. Dr. Daniel Dedeyan, LL.M. (Yale),<\/strong>\u00a0Counsel bei Walder Wyss AG<\/p>\n<\/div>\n<\/div>\n<\/div>\n<\/div>\n<div class=\"et_pb_with_border et_pb_row et_pb_row_11 et_pb_row_1-4_1-4_1-2 et_had_animation\">\n<div class=\"et_pb_column et_pb_column_1_4 et_pb_column_27 et_pb_css_mix_blend_mode_passthrough\">\n<div class=\"et_pb_module et_pb_text et_pb_text_25 et_pb_text_align_left et_pb_bg_layout_light\">\n<div class=\"et_pb_text_inner\">\n<p><strong>17:45<\/strong><\/p>\n<\/div>\n<\/div>\n<\/div>\n<div class=\"et_pb_column et_pb_column_1_4 et_pb_column_28 et_pb_css_mix_blend_mode_passthrough\">\n<div class=\"et_pb_module et_pb_text et_pb_text_26 et_pb_text_align_left et_pb_bg_layout_light\">\n<div class=\"et_pb_text_inner\">\n<p><strong>THANK YOU<\/strong><\/p>\n<\/div>\n<\/div>\n<\/div>\n<div class=\"et_pb_column et_pb_column_1_2 et_pb_column_29 et_pb_css_mix_blend_mode_passthrough et-last-child\">\n<div class=\"et_pb_module et_pb_text et_pb_text_27 et_pb_text_align_left et_pb_bg_layout_light\">\n<div class=\"et_pb_text_inner\">\n<p><strong>Lucas Bruggeman<\/strong>, CEO der BX SWISS AG<\/p>\n<p><strong>Dr. Alexander Lindemann<\/strong>, Pr\u00e4sident des SWISS CAPITALMARKETFORUM, Managing Partner bei LINDEMANNLAW<\/p>\n<\/div>\n<\/div>\n<\/div>\n<\/div>\n<div class=\"et_pb_with_border et_pb_row et_pb_row_12 et_pb_row_1-4_1-4_1-2 et_had_animation\">\n<div class=\"et_pb_column et_pb_column_1_4 et_pb_column_30 et_pb_css_mix_blend_mode_passthrough\">\n<div class=\"et_pb_module et_pb_text et_pb_text_28 et_pb_text_align_left et_pb_bg_layout_light\">\n<div class=\"et_pb_text_inner\">\n<p><strong>17:45 \u2013 20:00<\/strong><\/p>\n<\/div>\n<\/div>\n<\/div>\n<div class=\"et_pb_column et_pb_column_1_4 et_pb_column_31 et_pb_css_mix_blend_mode_passthrough\">\n<div class=\"et_pb_module et_pb_text et_pb_text_29 et_pb_text_align_left et_pb_bg_layout_light\">\n<div class=\"et_pb_text_inner\">\n<p><strong>AP\u00c9RO<\/strong><\/p>\n<\/div>\n<\/div>\n<\/div>\n<\/div>\n<h3><\/h3>\n<p>[\/et_pb_text][et_pb_text _builder_version=&#8220;4.16&#8243; background_size=&#8220;initial&#8220; background_position=&#8220;top_left&#8220; background_repeat=&#8220;repeat&#8220; global_colors_info=&#8220;{}&#8220; locked=&#8220;off&#8220;][\/et_pb_text][et_pb_text _builder_version=&#8220;4.16&#8243; background_size=&#8220;initial&#8220; background_position=&#8220;top_left&#8220; background_repeat=&#8220;repeat&#8220; global_colors_info=&#8220;{}&#8220;][\/et_pb_text][\/et_pb_column][\/et_pb_row][\/et_pb_section]<\/p>\n","protected":false},"excerpt":{"rendered":"<p>25. Januar 2024 | Z\u00fcrich| 14:00 CET Konferenz mit Ap\u00e9ro Riche im Zunfthaus zum Zimmerleuten, Limmatquai 40, 8001 Z\u00fcrich, Schweiz Tickets kaufen! &nbsp; In einem schnelllebigen, technologiebasierten Markt ist Corporate Governance stets im Wandel. Wir bringen Experten aus verschiedenen Bereichen zusammen, um die wichtigsten aktuellen Herausforderungen der Corporate Governance zu analysieren und zu l\u00f6sen: \u2714 [&hellip;]<\/p>\n","protected":false},"author":5,"featured_media":17761,"comment_status":"open","ping_status":"closed","sticky":false,"template":"","format":"standard","meta":{"_acf_changed":false,"_yoast_wpseo_focuskw":"Rethinking Corporate Governance | Swiss Capitalmarket Forum 2024","_yoast_wpseo_title":"","_yoast_wpseo_metadesc":"25. Januar 2024 | Z\u00fcrich| 14:00 CET. In diesem Forum diskutieren Experten aus Wissenschaft, Praxis und Politik relevante Fragen und suchen nach Antworten und L\u00f6sungen f\u00fcr eine zeitgem\u00e4sse und effektive Unternehmensf\u00fchrung.","site-sidebar-layout":"default","site-content-layout":"","ast-site-content-layout":"default","site-content-style":"default","site-sidebar-style":"default","ast-global-header-display":"","ast-banner-title-visibility":"","ast-main-header-display":"","ast-hfb-above-header-display":"","ast-hfb-below-header-display":"","ast-hfb-mobile-header-display":"","site-post-title":"","ast-breadcrumbs-content":"","ast-featured-img":"","footer-sml-layout":"","ast-disable-related-posts":"","theme-transparent-header-meta":"default","adv-header-id-meta":"","stick-header-meta":"","header-above-stick-meta":"","header-main-stick-meta":"","header-below-stick-meta":"","astra-migrate-meta-layouts":"set","ast-page-background-enabled":"default","ast-page-background-meta":{"desktop":{"background-color":"var(--ast-global-color-4)","background-image":"","background-repeat":"repeat","background-position":"center center","background-size":"auto","background-attachment":"scroll","background-type":"","background-media":"","overlay-type":"","overlay-color":"","overlay-opacity":"","overlay-gradient":""},"tablet":{"background-color":"","background-image":"","background-repeat":"repeat","background-position":"center center","background-size":"auto","background-attachment":"scroll","background-type":"","background-media":"","overlay-type":"","overlay-color":"","overlay-opacity":"","overlay-gradient":""},"mobile":{"background-color":"","background-image":"","background-repeat":"repeat","background-position":"center center","background-size":"auto","background-attachment":"scroll","background-type":"","background-media":"","overlay-type":"","overlay-color":"","overlay-opacity":"","overlay-gradient":""}},"ast-content-background-meta":{"desktop":{"background-color":"var(--ast-global-color-5)","background-image":"","background-repeat":"repeat","background-position":"center center","background-size":"auto","background-attachment":"scroll","background-type":"","background-media":"","overlay-type":"","overlay-color":"","overlay-opacity":"","overlay-gradient":""},"tablet":{"background-color":"var(--ast-global-color-5)","background-image":"","background-repeat":"repeat","background-position":"center center","background-size":"auto","background-attachment":"scroll","background-type":"","background-media":"","overlay-type":"","overlay-color":"","overlay-opacity":"","overlay-gradient":""},"mobile":{"background-color":"var(--ast-global-color-5)","background-image":"","background-repeat":"repeat","background-position":"center center","background-size":"auto","background-attachment":"scroll","background-type":"","background-media":"","overlay-type":"","overlay-color":"","overlay-opacity":"","overlay-gradient":""}},"footnotes":""},"categories":[182],"tags":[],"related_contact":[201,210],"expertise":[158,234,173],"class_list":["post-15114","post","type-post","status-publish","format-standard","has-post-thumbnail","hentry","category-events"],"acf":[],"yoast_head":"<!-- This site is optimized with the Yoast SEO Premium plugin v27.4 (Yoast SEO v27.4) - https:\/\/yoast.com\/product\/yoast-seo-premium-wordpress\/ -->\n<title>Beyond the Scandals: Reshaping Corporate Future | Swiss Capitalmarket Forum 2024 | 25. Januar 2024 | Lindemann Law<\/title>\n<meta name=\"description\" content=\"25. Januar 2024 | Z\u00fcrich| 14:00 CET. In diesem Forum diskutieren Experten aus Wissenschaft, Praxis und Politik relevante Fragen und suchen nach Antworten und L\u00f6sungen f\u00fcr eine zeitgem\u00e4sse und effektive Unternehmensf\u00fchrung.\" \/>\n<meta name=\"robots\" content=\"index, follow, max-snippet:-1, max-image-preview:large, max-video-preview:-1\" \/>\n<link rel=\"canonical\" href=\"https:\/\/lindemannlaw.ch\/de\/events\/swiss-capitalmarket-forum-2024-rethinking-corporate-governance\/\" \/>\n<meta property=\"og:locale\" content=\"de_DE\" \/>\n<meta property=\"og:type\" content=\"article\" \/>\n<meta property=\"og:title\" content=\"Beyond the Scandals: Reshaping Corporate Future | Swiss Capitalmarket Forum 2024 | 25. Januar 2024\" \/>\n<meta property=\"og:description\" content=\"25. Januar 2024 | Z\u00fcrich| 14:00 CET. In diesem Forum diskutieren Experten aus Wissenschaft, Praxis und Politik relevante Fragen und suchen nach Antworten und L\u00f6sungen f\u00fcr eine zeitgem\u00e4sse und effektive Unternehmensf\u00fchrung.\" \/>\n<meta property=\"og:url\" content=\"https:\/\/lindemannlaw.ch\/de\/events\/swiss-capitalmarket-forum-2024-rethinking-corporate-governance\/\" \/>\n<meta property=\"og:site_name\" content=\"Lindemann Law\" \/>\n<meta property=\"article:published_time\" content=\"2023-12-14T07:33:36+00:00\" \/>\n<meta property=\"article:modified_time\" content=\"2023-12-14T09:24:03+00:00\" \/>\n<meta property=\"og:image\" content=\"https:\/\/lindemannlaw.ch\/wp-content\/uploads\/2023\/08\/business-meeting-1600x900-1.jpg\" \/>\n\t<meta property=\"og:image:width\" content=\"1600\" \/>\n\t<meta property=\"og:image:height\" content=\"900\" \/>\n\t<meta property=\"og:image:type\" content=\"image\/jpeg\" \/>\n<meta name=\"author\" content=\"Qendresa\" \/>\n<meta name=\"twitter:card\" content=\"summary_large_image\" \/>\n<meta name=\"twitter:creator\" content=\"@Lindemann_law\" \/>\n<meta name=\"twitter:site\" content=\"@Lindemann_law\" \/>\n<meta name=\"twitter:label1\" content=\"Verfasst von\" \/>\n\t<meta name=\"twitter:data1\" content=\"Qendresa\" \/>\n\t<meta name=\"twitter:label2\" content=\"Gesch\u00e4tzte Lesezeit\" \/>\n\t<meta name=\"twitter:data2\" content=\"3 Minuten\" \/>\n<script type=\"application\/ld+json\" class=\"yoast-schema-graph\">{\"@context\":\"https:\\\/\\\/schema.org\",\"@graph\":[{\"@type\":\"Article\",\"@id\":\"https:\\\/\\\/lindemannlaw.ch\\\/de\\\/events\\\/swiss-capitalmarket-forum-2024-rethinking-corporate-governance\\\/#article\",\"isPartOf\":{\"@id\":\"https:\\\/\\\/lindemannlaw.ch\\\/de\\\/events\\\/swiss-capitalmarket-forum-2024-rethinking-corporate-governance\\\/\"},\"author\":{\"name\":\"Qendresa\",\"@id\":\"https:\\\/\\\/lindemannlaw.ch\\\/de\\\/#\\\/schema\\\/person\\\/15db2008eaa8c65e1820c91b6ba53c8d\"},\"headline\":\"Beyond the Scandals: Reshaping Corporate Future | Swiss Capitalmarket Forum 2024 | 25. Januar 2024\",\"datePublished\":\"2023-12-14T07:33:36+00:00\",\"dateModified\":\"2023-12-14T09:24:03+00:00\",\"mainEntityOfPage\":{\"@id\":\"https:\\\/\\\/lindemannlaw.ch\\\/de\\\/events\\\/swiss-capitalmarket-forum-2024-rethinking-corporate-governance\\\/\"},\"wordCount\":533,\"commentCount\":0,\"publisher\":{\"@id\":\"https:\\\/\\\/lindemannlaw.ch\\\/de\\\/#organization\"},\"image\":{\"@id\":\"https:\\\/\\\/lindemannlaw.ch\\\/de\\\/events\\\/swiss-capitalmarket-forum-2024-rethinking-corporate-governance\\\/#primaryimage\"},\"thumbnailUrl\":\"https:\\\/\\\/lindemannlaw.ch\\\/wp-content\\\/uploads\\\/2023\\\/08\\\/business-meeting-1600x900-1.jpg\",\"articleSection\":[\"Events\"],\"inLanguage\":\"de-DE\",\"potentialAction\":[{\"@type\":\"CommentAction\",\"name\":\"Comment\",\"target\":[\"https:\\\/\\\/lindemannlaw.ch\\\/de\\\/events\\\/swiss-capitalmarket-forum-2024-rethinking-corporate-governance\\\/#respond\"]}]},{\"@type\":\"WebPage\",\"@id\":\"https:\\\/\\\/lindemannlaw.ch\\\/de\\\/events\\\/swiss-capitalmarket-forum-2024-rethinking-corporate-governance\\\/\",\"url\":\"https:\\\/\\\/lindemannlaw.ch\\\/de\\\/events\\\/swiss-capitalmarket-forum-2024-rethinking-corporate-governance\\\/\",\"name\":\"Beyond the Scandals: Reshaping Corporate Future | Swiss Capitalmarket Forum 2024 | 25. Januar 2024 | Lindemann Law\",\"isPartOf\":{\"@id\":\"https:\\\/\\\/lindemannlaw.ch\\\/de\\\/#website\"},\"primaryImageOfPage\":{\"@id\":\"https:\\\/\\\/lindemannlaw.ch\\\/de\\\/events\\\/swiss-capitalmarket-forum-2024-rethinking-corporate-governance\\\/#primaryimage\"},\"image\":{\"@id\":\"https:\\\/\\\/lindemannlaw.ch\\\/de\\\/events\\\/swiss-capitalmarket-forum-2024-rethinking-corporate-governance\\\/#primaryimage\"},\"thumbnailUrl\":\"https:\\\/\\\/lindemannlaw.ch\\\/wp-content\\\/uploads\\\/2023\\\/08\\\/business-meeting-1600x900-1.jpg\",\"datePublished\":\"2023-12-14T07:33:36+00:00\",\"dateModified\":\"2023-12-14T09:24:03+00:00\",\"description\":\"25. Januar 2024 | Z\u00fcrich| 14:00 CET. In diesem Forum diskutieren Experten aus Wissenschaft, Praxis und Politik relevante Fragen und suchen nach Antworten und L\u00f6sungen f\u00fcr eine zeitgem\u00e4sse und effektive Unternehmensf\u00fchrung.\",\"breadcrumb\":{\"@id\":\"https:\\\/\\\/lindemannlaw.ch\\\/de\\\/events\\\/swiss-capitalmarket-forum-2024-rethinking-corporate-governance\\\/#breadcrumb\"},\"inLanguage\":\"de-DE\",\"potentialAction\":[{\"@type\":\"ReadAction\",\"target\":[\"https:\\\/\\\/lindemannlaw.ch\\\/de\\\/events\\\/swiss-capitalmarket-forum-2024-rethinking-corporate-governance\\\/\"]}]},{\"@type\":\"ImageObject\",\"inLanguage\":\"de-DE\",\"@id\":\"https:\\\/\\\/lindemannlaw.ch\\\/de\\\/events\\\/swiss-capitalmarket-forum-2024-rethinking-corporate-governance\\\/#primaryimage\",\"url\":\"https:\\\/\\\/lindemannlaw.ch\\\/wp-content\\\/uploads\\\/2023\\\/08\\\/business-meeting-1600x900-1.jpg\",\"contentUrl\":\"https:\\\/\\\/lindemannlaw.ch\\\/wp-content\\\/uploads\\\/2023\\\/08\\\/business-meeting-1600x900-1.jpg\",\"width\":1600,\"height\":900,\"caption\":\"Business meeting\"},{\"@type\":\"BreadcrumbList\",\"@id\":\"https:\\\/\\\/lindemannlaw.ch\\\/de\\\/events\\\/swiss-capitalmarket-forum-2024-rethinking-corporate-governance\\\/#breadcrumb\",\"itemListElement\":[{\"@type\":\"ListItem\",\"position\":1,\"name\":\"Home\",\"item\":\"https:\\\/\\\/lindemannlaw.ch\\\/de\\\/\"},{\"@type\":\"ListItem\",\"position\":2,\"name\":\"Events\",\"item\":\"https:\\\/\\\/lindemannlaw.ch\\\/de\\\/category\\\/events\\\/\"},{\"@type\":\"ListItem\",\"position\":3,\"name\":\"Beyond the Scandals: Reshaping Corporate Future | Swiss Capitalmarket Forum 2024 | 25. Januar 2024\"}]},{\"@type\":\"WebSite\",\"@id\":\"https:\\\/\\\/lindemannlaw.ch\\\/de\\\/#website\",\"url\":\"https:\\\/\\\/lindemannlaw.ch\\\/de\\\/\",\"name\":\"Lindemann Law\",\"description\":\"Asset Management legal services\",\"publisher\":{\"@id\":\"https:\\\/\\\/lindemannlaw.ch\\\/de\\\/#organization\"},\"potentialAction\":[{\"@type\":\"SearchAction\",\"target\":{\"@type\":\"EntryPoint\",\"urlTemplate\":\"https:\\\/\\\/lindemannlaw.ch\\\/de\\\/?s={search_term_string}\"},\"query-input\":{\"@type\":\"PropertyValueSpecification\",\"valueRequired\":true,\"valueName\":\"search_term_string\"}}],\"inLanguage\":\"de-DE\"},{\"@type\":\"Organization\",\"@id\":\"https:\\\/\\\/lindemannlaw.ch\\\/de\\\/#organization\",\"name\":\"Lindemann Law\",\"url\":\"https:\\\/\\\/lindemannlaw.ch\\\/de\\\/\",\"logo\":{\"@type\":\"ImageObject\",\"inLanguage\":\"de-DE\",\"@id\":\"https:\\\/\\\/lindemannlaw.ch\\\/de\\\/#\\\/schema\\\/logo\\\/image\\\/\",\"url\":\"https:\\\/\\\/lindemannlaw.ch\\\/wp-content\\\/uploads\\\/2021\\\/01\\\/logo-lindemannlaw_cropped.png\",\"contentUrl\":\"https:\\\/\\\/lindemannlaw.ch\\\/wp-content\\\/uploads\\\/2021\\\/01\\\/logo-lindemannlaw_cropped.png\",\"width\":150,\"height\":73,\"caption\":\"Lindemann Law\"},\"image\":{\"@id\":\"https:\\\/\\\/lindemannlaw.ch\\\/de\\\/#\\\/schema\\\/logo\\\/image\\\/\"},\"sameAs\":[\"https:\\\/\\\/x.com\\\/Lindemann_law\",\"https:\\\/\\\/www.linkedin.com\\\/company\\\/lindemannlaw\\\/\"]},{\"@type\":\"Person\",\"@id\":\"https:\\\/\\\/lindemannlaw.ch\\\/de\\\/#\\\/schema\\\/person\\\/15db2008eaa8c65e1820c91b6ba53c8d\",\"name\":\"Qendresa\",\"image\":{\"@type\":\"ImageObject\",\"inLanguage\":\"de-DE\",\"@id\":\"https:\\\/\\\/secure.gravatar.com\\\/avatar\\\/beb8451c48ac3f070fe0931152d7d8a41691a1e47eed4e68e78372020d4cfb90?s=96&d=mm&r=g\",\"url\":\"https:\\\/\\\/secure.gravatar.com\\\/avatar\\\/beb8451c48ac3f070fe0931152d7d8a41691a1e47eed4e68e78372020d4cfb90?s=96&d=mm&r=g\",\"contentUrl\":\"https:\\\/\\\/secure.gravatar.com\\\/avatar\\\/beb8451c48ac3f070fe0931152d7d8a41691a1e47eed4e68e78372020d4cfb90?s=96&d=mm&r=g\",\"caption\":\"Qendresa\"}}]}<\/script>\n<!-- \/ Yoast SEO Premium plugin. -->","yoast_head_json":{"title":"Beyond the Scandals: Reshaping Corporate Future | Swiss Capitalmarket Forum 2024 | 25. Januar 2024 | Lindemann Law","description":"25. Januar 2024 | Z\u00fcrich| 14:00 CET. In diesem Forum diskutieren Experten aus Wissenschaft, Praxis und Politik relevante Fragen und suchen nach Antworten und L\u00f6sungen f\u00fcr eine zeitgem\u00e4sse und effektive Unternehmensf\u00fchrung.","robots":{"index":"index","follow":"follow","max-snippet":"max-snippet:-1","max-image-preview":"max-image-preview:large","max-video-preview":"max-video-preview:-1"},"canonical":"https:\/\/lindemannlaw.ch\/de\/events\/swiss-capitalmarket-forum-2024-rethinking-corporate-governance\/","og_locale":"de_DE","og_type":"article","og_title":"Beyond the Scandals: Reshaping Corporate Future | Swiss Capitalmarket Forum 2024 | 25. Januar 2024","og_description":"25. Januar 2024 | Z\u00fcrich| 14:00 CET. In diesem Forum diskutieren Experten aus Wissenschaft, Praxis und Politik relevante Fragen und suchen nach Antworten und L\u00f6sungen f\u00fcr eine zeitgem\u00e4sse und effektive Unternehmensf\u00fchrung.","og_url":"https:\/\/lindemannlaw.ch\/de\/events\/swiss-capitalmarket-forum-2024-rethinking-corporate-governance\/","og_site_name":"Lindemann Law","article_published_time":"2023-12-14T07:33:36+00:00","article_modified_time":"2023-12-14T09:24:03+00:00","og_image":[{"width":1600,"height":900,"url":"https:\/\/lindemannlaw.ch\/wp-content\/uploads\/2023\/08\/business-meeting-1600x900-1.jpg","type":"image\/jpeg"}],"author":"Qendresa","twitter_card":"summary_large_image","twitter_creator":"@Lindemann_law","twitter_site":"@Lindemann_law","twitter_misc":{"Verfasst von":"Qendresa","Gesch\u00e4tzte Lesezeit":"3 Minuten"},"schema":{"@context":"https:\/\/schema.org","@graph":[{"@type":"Article","@id":"https:\/\/lindemannlaw.ch\/de\/events\/swiss-capitalmarket-forum-2024-rethinking-corporate-governance\/#article","isPartOf":{"@id":"https:\/\/lindemannlaw.ch\/de\/events\/swiss-capitalmarket-forum-2024-rethinking-corporate-governance\/"},"author":{"name":"Qendresa","@id":"https:\/\/lindemannlaw.ch\/de\/#\/schema\/person\/15db2008eaa8c65e1820c91b6ba53c8d"},"headline":"Beyond the Scandals: Reshaping Corporate Future | Swiss Capitalmarket Forum 2024 | 25. Januar 2024","datePublished":"2023-12-14T07:33:36+00:00","dateModified":"2023-12-14T09:24:03+00:00","mainEntityOfPage":{"@id":"https:\/\/lindemannlaw.ch\/de\/events\/swiss-capitalmarket-forum-2024-rethinking-corporate-governance\/"},"wordCount":533,"commentCount":0,"publisher":{"@id":"https:\/\/lindemannlaw.ch\/de\/#organization"},"image":{"@id":"https:\/\/lindemannlaw.ch\/de\/events\/swiss-capitalmarket-forum-2024-rethinking-corporate-governance\/#primaryimage"},"thumbnailUrl":"https:\/\/lindemannlaw.ch\/wp-content\/uploads\/2023\/08\/business-meeting-1600x900-1.jpg","articleSection":["Events"],"inLanguage":"de-DE","potentialAction":[{"@type":"CommentAction","name":"Comment","target":["https:\/\/lindemannlaw.ch\/de\/events\/swiss-capitalmarket-forum-2024-rethinking-corporate-governance\/#respond"]}]},{"@type":"WebPage","@id":"https:\/\/lindemannlaw.ch\/de\/events\/swiss-capitalmarket-forum-2024-rethinking-corporate-governance\/","url":"https:\/\/lindemannlaw.ch\/de\/events\/swiss-capitalmarket-forum-2024-rethinking-corporate-governance\/","name":"Beyond the Scandals: Reshaping Corporate Future | Swiss Capitalmarket Forum 2024 | 25. Januar 2024 | Lindemann Law","isPartOf":{"@id":"https:\/\/lindemannlaw.ch\/de\/#website"},"primaryImageOfPage":{"@id":"https:\/\/lindemannlaw.ch\/de\/events\/swiss-capitalmarket-forum-2024-rethinking-corporate-governance\/#primaryimage"},"image":{"@id":"https:\/\/lindemannlaw.ch\/de\/events\/swiss-capitalmarket-forum-2024-rethinking-corporate-governance\/#primaryimage"},"thumbnailUrl":"https:\/\/lindemannlaw.ch\/wp-content\/uploads\/2023\/08\/business-meeting-1600x900-1.jpg","datePublished":"2023-12-14T07:33:36+00:00","dateModified":"2023-12-14T09:24:03+00:00","description":"25. Januar 2024 | Z\u00fcrich| 14:00 CET. In diesem Forum diskutieren Experten aus Wissenschaft, Praxis und Politik relevante Fragen und suchen nach Antworten und L\u00f6sungen f\u00fcr eine zeitgem\u00e4sse und effektive Unternehmensf\u00fchrung.","breadcrumb":{"@id":"https:\/\/lindemannlaw.ch\/de\/events\/swiss-capitalmarket-forum-2024-rethinking-corporate-governance\/#breadcrumb"},"inLanguage":"de-DE","potentialAction":[{"@type":"ReadAction","target":["https:\/\/lindemannlaw.ch\/de\/events\/swiss-capitalmarket-forum-2024-rethinking-corporate-governance\/"]}]},{"@type":"ImageObject","inLanguage":"de-DE","@id":"https:\/\/lindemannlaw.ch\/de\/events\/swiss-capitalmarket-forum-2024-rethinking-corporate-governance\/#primaryimage","url":"https:\/\/lindemannlaw.ch\/wp-content\/uploads\/2023\/08\/business-meeting-1600x900-1.jpg","contentUrl":"https:\/\/lindemannlaw.ch\/wp-content\/uploads\/2023\/08\/business-meeting-1600x900-1.jpg","width":1600,"height":900,"caption":"Business meeting"},{"@type":"BreadcrumbList","@id":"https:\/\/lindemannlaw.ch\/de\/events\/swiss-capitalmarket-forum-2024-rethinking-corporate-governance\/#breadcrumb","itemListElement":[{"@type":"ListItem","position":1,"name":"Home","item":"https:\/\/lindemannlaw.ch\/de\/"},{"@type":"ListItem","position":2,"name":"Events","item":"https:\/\/lindemannlaw.ch\/de\/category\/events\/"},{"@type":"ListItem","position":3,"name":"Beyond the Scandals: Reshaping Corporate Future | Swiss Capitalmarket Forum 2024 | 25. Januar 2024"}]},{"@type":"WebSite","@id":"https:\/\/lindemannlaw.ch\/de\/#website","url":"https:\/\/lindemannlaw.ch\/de\/","name":"Lindemann Law","description":"Asset Management legal services","publisher":{"@id":"https:\/\/lindemannlaw.ch\/de\/#organization"},"potentialAction":[{"@type":"SearchAction","target":{"@type":"EntryPoint","urlTemplate":"https:\/\/lindemannlaw.ch\/de\/?s={search_term_string}"},"query-input":{"@type":"PropertyValueSpecification","valueRequired":true,"valueName":"search_term_string"}}],"inLanguage":"de-DE"},{"@type":"Organization","@id":"https:\/\/lindemannlaw.ch\/de\/#organization","name":"Lindemann Law","url":"https:\/\/lindemannlaw.ch\/de\/","logo":{"@type":"ImageObject","inLanguage":"de-DE","@id":"https:\/\/lindemannlaw.ch\/de\/#\/schema\/logo\/image\/","url":"https:\/\/lindemannlaw.ch\/wp-content\/uploads\/2021\/01\/logo-lindemannlaw_cropped.png","contentUrl":"https:\/\/lindemannlaw.ch\/wp-content\/uploads\/2021\/01\/logo-lindemannlaw_cropped.png","width":150,"height":73,"caption":"Lindemann Law"},"image":{"@id":"https:\/\/lindemannlaw.ch\/de\/#\/schema\/logo\/image\/"},"sameAs":["https:\/\/x.com\/Lindemann_law","https:\/\/www.linkedin.com\/company\/lindemannlaw\/"]},{"@type":"Person","@id":"https:\/\/lindemannlaw.ch\/de\/#\/schema\/person\/15db2008eaa8c65e1820c91b6ba53c8d","name":"Qendresa","image":{"@type":"ImageObject","inLanguage":"de-DE","@id":"https:\/\/secure.gravatar.com\/avatar\/beb8451c48ac3f070fe0931152d7d8a41691a1e47eed4e68e78372020d4cfb90?s=96&d=mm&r=g","url":"https:\/\/secure.gravatar.com\/avatar\/beb8451c48ac3f070fe0931152d7d8a41691a1e47eed4e68e78372020d4cfb90?s=96&d=mm&r=g","contentUrl":"https:\/\/secure.gravatar.com\/avatar\/beb8451c48ac3f070fe0931152d7d8a41691a1e47eed4e68e78372020d4cfb90?s=96&d=mm&r=g","caption":"Qendresa"}}]}},"_links":{"self":[{"href":"https:\/\/lindemannlaw.ch\/de\/wp-json\/wp\/v2\/posts\/15114","targetHints":{"allow":["GET"]}}],"collection":[{"href":"https:\/\/lindemannlaw.ch\/de\/wp-json\/wp\/v2\/posts"}],"about":[{"href":"https:\/\/lindemannlaw.ch\/de\/wp-json\/wp\/v2\/types\/post"}],"author":[{"embeddable":true,"href":"https:\/\/lindemannlaw.ch\/de\/wp-json\/wp\/v2\/users\/5"}],"replies":[{"embeddable":true,"href":"https:\/\/lindemannlaw.ch\/de\/wp-json\/wp\/v2\/comments?post=15114"}],"version-history":[{"count":0,"href":"https:\/\/lindemannlaw.ch\/de\/wp-json\/wp\/v2\/posts\/15114\/revisions"}],"wp:featuredmedia":[{"embeddable":true,"href":"https:\/\/lindemannlaw.ch\/de\/wp-json\/wp\/v2\/media\/17761"}],"wp:attachment":[{"href":"https:\/\/lindemannlaw.ch\/de\/wp-json\/wp\/v2\/media?parent=15114"}],"wp:term":[{"taxonomy":"category","embeddable":true,"href":"https:\/\/lindemannlaw.ch\/de\/wp-json\/wp\/v2\/categories?post=15114"},{"taxonomy":"post_tag","embeddable":true,"href":"https:\/\/lindemannlaw.ch\/de\/wp-json\/wp\/v2\/tags?post=15114"},{"taxonomy":"related_contact","embeddable":true,"href":"https:\/\/lindemannlaw.ch\/de\/wp-json\/wp\/v2\/related_contact?post=15114"},{"taxonomy":"expertise","embeddable":true,"href":"https:\/\/lindemannlaw.ch\/de\/wp-json\/wp\/v2\/expertise?post=15114"}],"curies":[{"name":"wp","href":"https:\/\/api.w.org\/{rel}","templated":true}]}}