{"id":26062,"date":"2026-08-31T09:38:45","date_gmt":"2026-08-31T08:38:45","guid":{"rendered":"https:\/\/lindemannlaw.ch\/?p=26062"},"modified":"2026-08-31T10:36:33","modified_gmt":"2026-08-31T09:36:33","slug":"unternehmensverlagerung-schweiz-fuenf-zentrale-fragen","status":"publish","type":"post","link":"https:\/\/lindemannlaw.ch\/de\/insights2\/unternehmensverlagerung-schweiz-fuenf-zentrale-fragen\/","title":{"rendered":"Unternehmensverlagerung in die Schweiz: F\u00fcnf zentrale Fragen f\u00fcr Unternehmen und ihre Gr\u00fcnder"},"content":{"rendered":"<p>Eine Verlagerung in die Schweiz ist mehr als eine Frage von Bewilligungen oder Steuern. F\u00fcr Privatpersonen, Unternehmer und Unternehmen greifen Migrations-, Arbeits-, Steuer- und Gesellschaftsrecht ineinander. Privatpersonen und Unternehmen lassen sich in diesem Zusammenhang nicht vollst\u00e4ndig trennen: Verlagert ein Unternehmer seinen Lebensmittelpunkt, werden h\u00e4ufig auch Leitungsfunktionen, Beteiligungen und operative T\u00e4tigkeiten mitverlagert; umgekehrt beschr\u00e4nkt sich die Verlagerung eines Unternehmens nicht auf das Gesellschafts- und Steuerrecht, wenn auch Gr\u00fcnder oder leitende Mitarbeitende in die Schweiz ziehen. Die folgenden f\u00fcnf Fragen geben daher einen kurzen \u00dcberblick \u00fcber beide Seiten.<\/p>\n<ol>\n<li>\n<h2>Welche Rechtsgrundlage ist f\u00fcr eine Verlagerung in die Schweiz erforderlich?<\/h2>\n<\/li>\n<\/ol>\n<p><strong>UNTERNEHMEN<\/strong><\/p>\n<p>Unternehmen, die sich in die Schweiz verlagern oder sich hier neu ansiedeln, stehen im Wesentlichen vier Wege offen:<\/p>\n<ul>\n<li>Grenz\u00fcberschreitende Sitzverlegung (Redomizilierung) ohne Liquidation nach Artikel 161 des schweizerischen Bundesgesetzes \u00fcber das Internationale Privatrecht (IPRG) \u2014 sofern die entsprechenden Voraussetzungen erf\u00fcllt sind.<\/li>\n<li>Neugr\u00fcndung einer Aktiengesellschaft (AG) oder einer Gesellschaft mit beschr\u00e4nkter Haftung (GmbH).<\/li>\n<li>Eintragung einer Zweigniederlassung, die keine eigene Rechtspers\u00f6nlichkeit besitzt.<\/li>\n<li>Fusion oder Verm\u00f6gens\u00fcbertragung \u2014 wobei zu beachten ist, dass das Fusionsgesetz grenz\u00fcberschreitende Varianten nicht abschliessend regelt, sodass gesellschafts-, international-privat-, steuer- und registerrechtliche Anforderungen gemeinsam zu pr\u00fcfen sind.<\/li>\n<\/ul>\n<p>Die Wahl h\u00e4ngt von Haftung, Finanzierung, Governance, Regulierung und funktionaler Integration ab. Unternehmensverlagerung und die Zulassung von Mitarbeitenden sind zudem getrennte Verfahren: F\u00fcr F\u00fchrungskr\u00e4fte, Fachspezialisten und andere Drittstaatsangeh\u00f6rige muss der Arbeitgeber f\u00fcr jede einzelne Person einen separaten Antrag stellen.<\/p>\n<p><strong>PRIVATPERSONEN<\/strong><\/p>\n<p>F\u00fcr Staatsangeh\u00f6rige der EU und EFTA richtet sich der Zugang nach dem Freiz\u00fcgigkeitsabkommen; l\u00e4ngere Zeitr\u00e4ume mit Erwerbst\u00e4tigkeit erfordern in der Regel eine Bewilligung. F\u00fcr Drittstaatsangeh\u00f6rige gibt es f\u00fcnf Hauptwege: EU\/EFTA-Freiz\u00fcgigkeit, Zulassung zur Erwerbst\u00e4tigkeit, Familiennachzug, zweckgebundene Aufenthalte ohne Erwerbst\u00e4tigkeit sowie Ermessensbewilligungen aus wichtigen \u00f6ffentlichen Interessen. Massgebend ist stets die tats\u00e4chlich ausge\u00fcbte T\u00e4tigkeit; die Gr\u00fcndung einer Gesellschaft verleiht f\u00fcr sich allein kein Aufenthaltsrecht.<\/p>\n<div class=\"ast-oembed-container \" style=\"height: 100%;\"><iframe title=\"Corporate Relocation in die Schweiz: Was Unternehmen wissen m\u00fcssen\" width=\"500\" height=\"281\" src=\"https:\/\/www.youtube.com\/embed\/mw9TL4NmYrQ?feature=oembed\" frameborder=\"0\" allow=\"accelerometer; autoplay; clipboard-write; encrypted-media; gyroscope; picture-in-picture; web-share\" referrerpolicy=\"strict-origin-when-cross-origin\" allowfullscreen><\/iframe><\/div>\n<ol start=\"2\">\n<li>\n<h2><strong> Wo befindet sich das Steuerdomizil?<\/strong><\/h2>\n<\/li>\n<\/ol>\n<p><strong>UNTERNEHMEN<\/strong><\/p>\n<p>Juristische Personen sind aufgrund pers\u00f6nlicher Zugeh\u00f6rigkeit steuerpflichtig, wenn sich ihr statutarischer Sitz oder der Ort ihrer tats\u00e4chlichen Verwaltung in der Schweiz oder in einem bestimmten Kanton befindet. Fallen beide auseinander, liegt das interkantonale Hauptsteuerdomizil am Ort der tats\u00e4chlichen Verwaltung; ein rein formeller statutarischer Sitz verdr\u00e4ngt dieses nicht. Die tats\u00e4chliche Verwaltung befindet sich dort, wo die gew\u00f6hnliche Gesch\u00e4ftst\u00e4tigkeit der Gesellschaft \u00fcberwiegend gef\u00fchrt und ihre wesentlichen Entscheidungen getroffen werden \u2014 im Unterschied zu Verwaltungshandlungen sowie den reinen Aufsichts- und Grundsatzfunktionen der obersten Organe. Bei Holdinggesellschaften sind die tats\u00e4chlichen Beteiligungs- und Steuerungsfunktionen entscheidend.<\/p>\n<p><strong>PRIVATPERSONEN<\/strong><\/p>\n<p>Privatpersonen sind steuerpflichtig, wenn sie ihren steuerrechtlichen Wohnsitz oder Aufenthalt in der Schweiz haben. Massgebend ist der objektiv erkennbare Mittelpunkt der Lebensinteressen, nicht die Anmeldung oder die Aufenthaltsbewilligung. Fehlt ein steuerrechtlicher Wohnsitz, entsteht ein steuerrechtlicher Aufenthalt nach 30 Tagen mit Erwerbst\u00e4tigkeit oder 90 Tagen ohne. Bleiben Bindungen zum Herkunftsland bestehen, kann eine Doppelans\u00e4ssigkeit entstehen, die das anwendbare Doppelbesteuerungsabkommen aufl\u00f6st.<\/p>\n<ol start=\"3\">\n<li>\n<h2><strong> Welche Mindestanforderungen m\u00fcssen nachgewiesen werden?<\/strong><\/h2>\n<\/li>\n<\/ol>\n<p><strong>UNTERNEHMEN<\/strong><\/p>\n<p>Es gibt keine einheitliche gesetzliche Substanzschwelle; die erforderliche Pr\u00e4senz h\u00e4ngt von der T\u00e4tigkeit, der Rolle im Konzern, dem anwendbaren Abkommensrecht und der Regulierung ab. Ein stimmiges Bild ergibt sich insbesondere aus:<\/p>\n<ul>\n<li>Personelle Pr\u00e4senz: Arbeitspl\u00e4tze und Personal, das tats\u00e4chlich vor Ort t\u00e4tig ist.<\/li>\n<li>Physische Pr\u00e4senz: eigene R\u00e4umlichkeiten samt entsprechenden Miet- oder Kaufvertr\u00e4gen.<\/li>\n<li>Entscheidungsprozesse: Protokolle, Vollmachten und Beschl\u00fcsse der Organe, die den tats\u00e4chlichen Ort der Entscheidungsfindung widerspiegeln.<\/li>\n<li>Finanzielle Infrastruktur: Bankvollmachten und Buchf\u00fchrung am statutarischen Sitz.<\/li>\n<li>Konsistente Dokumentation: Vertr\u00e4ge und Korrespondenz, die mit den \u00fcbrigen Nachweisen \u00fcbereinstimmen.<\/li>\n<\/ul>\n<p>Ein besonderes Risiko sind widerspr\u00fcchliche Aufzeichnungen \u2014 beispielsweise Protokolle, die die Schweiz als Ort der Entscheidungsfindung nennen, w\u00e4hrend E-Mails, Kalender und der tats\u00e4chliche Arbeitsort auf einen anderen Ort hindeuten, oder Funktionen, die f\u00fcr Verrechnungspreiszwecke zugeordnet werden, ohne dass das entsprechende Personal und die entsprechende Infrastruktur vorhanden sind.<\/p>\n<p><strong>PRIVATPERSONEN<\/strong><\/p>\n<p>Wohnsituation, physische Pr\u00e4senz, Familie, berufliche T\u00e4tigkeit und soziale Bindungen m\u00fcssen zusammen ein stimmiges Bild ergeben. Sowohl die Aufgabe des bisherigen Wohnsitzes als auch die tats\u00e4chliche Begr\u00fcndung des neuen Lebensmittelpunkts sind nachzuweisen; verf\u00fcgbarer Wohnraum allein, ohne Nachweis einer tats\u00e4chlichen Lebensf\u00fchrung, gen\u00fcgt nicht. Besonders riskant ist es, einen nichterwerbst\u00e4tigen Status zu beanspruchen, w\u00e4hrend tats\u00e4chlich weiterhin ein operatives Unternehmen gef\u00fchrt wird.<\/p>\n<ol start=\"4\">\n<li>\n<h2><strong> Welche steuerlichen Folgen sind zu pr\u00fcfen?<\/strong><\/h2>\n<\/li>\n<\/ol>\n<p><strong>UNTERNEHMEN<\/strong><\/p>\n<p>Zu pr\u00fcfen sind unter anderem die steuerlichen Folgen von Einlagen und Umstrukturierungen, der Beteiligungsabzug, die Finanzierung, die Verrechnungssteuer, die Emissionsabgabe, die Mehrwertsteuer sowie stille Reserven zu Beginn oder am Ende der schweizerischen Steuerpflicht. F\u00fcr grenz\u00fcberschreitende Transaktionen gilt der Drittvergleichsgrundsatz; werden Leitungs- oder wertsch\u00f6pfende Funktionen verlagert, m\u00fcssen Verrechnungspreise und Vertr\u00e4ge gegebenenfalls angepasst werden. Vorbescheide und Steuerrulings schaffen Rechtssicherheit nur f\u00fcr die offengelegten und tats\u00e4chlich umgesetzten Sachverhalte \u2014 ein Schweizer Ruling bindet ausl\u00e4ndische Beh\u00f6rden nicht.<\/p>\n<p><strong>PRIVATPERSONEN<\/strong><\/p>\n<p>Bei Doppelans\u00e4ssigkeit stellt sich die Frage der Zuteilung nach dem anwendbaren Steuerabkommen. Die Pauschalbesteuerung ist kein allgemeines Privileg f\u00fcr Zuz\u00fcger; sie setzt unter anderem voraus, dass in der Schweiz keine Erwerbst\u00e4tigkeit ausge\u00fcbt wird und dass die Person erstmals oder nach einer Abwesenheit von mindestens zehn Jahren Wohnsitz nimmt. Kantonale Verm\u00f6gens-, Erbschafts- und Schenkungssteuern sowie bestehende Ehe-, Erb- oder Gesellschaftervereinbarungen sollten vor dem Umzug \u00fcberpr\u00fcft werden.<\/p>\n<ol start=\"5\">\n<li>\n<h2><strong> Worauf kommt es bei der Umsetzung am meisten an?<\/strong><\/h2>\n<\/li>\n<\/ol>\n<p><strong>UNTERNEHMEN<\/strong><\/p>\n<p>Ausgangspunkt ist eine Bestandsaufnahme der beteiligten Personen, Gesellschaften, Funktionen, Verm\u00f6genswerte, Vertr\u00e4ge und Bewilligungen, gefolgt von einer Zielstruktur mit klaren Verantwortlichkeiten und einem Zeitplan. Eine Entscheidungs- und Abh\u00e4ngigkeitsmatrix zeigt, welche Massnahme welche Bewilligung oder Vorfrage erfordert, wer zust\u00e4ndig ist und welche Frist gilt. Eine Gesellschaft, die gegr\u00fcndet wird, bevor ihre Funktion und ihr Personal etabliert sind, kann in manchen F\u00e4llen eine H\u00fclle ohne tragf\u00e4hige Substanz bleiben. Eine Nachpr\u00fcfung nach dem ersten Gesch\u00e4ftsjahr sollte Reisetage, Managemententscheidungen, Personal, Vertr\u00e4ge, Kostenzuordnung und Bewilligungsauflagen abgleichen \u2014 eine Verlagerung ist erst abgeschlossen, wenn die Struktur operativ tragf\u00e4hig ist.<\/p>\n<p><strong>PRIVATPERSONEN<\/strong><\/p>\n<p>\u00dcbertragungen von Verm\u00f6genswerten oder ein Wohnsitzwechsel, die vorgenommen werden, bevor die Wegzugsbesteuerungsposition im Herkunftsland gekl\u00e4rt ist, k\u00f6nnen steuerliche Folgen ausl\u00f6sen, die sich nicht mehr korrigieren lassen. Die schweizerische Planung ist daher mit dem Recht des Herkunftslands abzustimmen, insbesondere hinsichtlich Wegzugsbesteuerung, Aufgabe des Wohnsitzes und Meldepflichten. Nach der Umsetzung muss die Struktur weiterhin \u00fcberwacht werden, da \u00c4nderungen des Wohnorts oder der T\u00e4tigkeit Bewilligungen und Steuerdomizil ver\u00e4ndern k\u00f6nnen.<\/p>\n<p>&nbsp;<\/p>\n<p>Dieser Artikel ist eine gek\u00fcrzte Fassung des vollst\u00e4ndigen Beitrags von Dr. Alexander Schiemenz. <a href=\"https:\/\/anwaltsrevue.recht.ch\/de\/epaper\/21250\/detail#327\" target=\"_blank\" rel=\"noopener\"><strong>Lesen Sie die vollst\u00e4ndige Publikation in der Anwaltsrevue (St\u00e4mpfli Verlag) \u2192<\/strong><\/a><\/p>\n<h2><strong>Verlagerung in die Schweiz erfolgreich gestalten<\/strong><\/h2>\n<p>Die Verlagerung von Privatpersonen und Unternehmen sind miteinander verbundene Rechtsprojekte. Entscheidend sind die Zielstruktur, die zeitliche Abfolge, die Abstimmung mit den Beh\u00f6rden sowie eine Umsetzung, die tats\u00e4chlich gelebt und dokumentiert wird. Unser Team ber\u00e4t Privatpersonen, Unternehmerfamilien und Unternehmen bei der Verlagerung in die Schweiz. Kontaktieren Sie uns f\u00fcr ein kostenloses Erstgespr\u00e4ch.<\/p>\n<h2><strong>Web-Workshop: Unternehmensverlagerung in die Schweiz<\/strong><\/h2>\n<p>Vertiefen Sie dieses Thema in unserem Web-Workshop zum Thema <em>Relocation to Switzerland for international businesses, corporations, entrepreneurs and investors.<\/em><\/p>\n<p><strong>3. September 2026 | 11:00 (CEST) | Online \u00fcber Microsoft Teams<\/strong><\/p>\n<p><a href=\"https:\/\/lindemannlaw.ch\/de\/events\/relocation-to-switzerland-for-international-businesses-corporations-entrepreneurs-and-investors\/\"><strong>Jetzt f\u00fcr den Web-Workshop anmelden \u2192<\/strong><\/a><\/p>\n","protected":false},"excerpt":{"rendered":"<p>Eine Verlagerung in die Schweiz ist mehr als eine Frage von Bewilligungen oder Steuern. F\u00fcr Privatpersonen, Unternehmer und Unternehmen greifen Migrations-, Arbeits-, Steuer- und Gesellschaftsrecht ineinander. Privatpersonen und Unternehmen lassen sich in diesem Zusammenhang nicht vollst\u00e4ndig trennen: Verlagert ein Unternehmer seinen Lebensmittelpunkt, werden h\u00e4ufig auch Leitungsfunktionen, Beteiligungen und operative T\u00e4tigkeiten mitverlagert; umgekehrt beschr\u00e4nkt sich die [&hellip;]<\/p>\n","protected":false},"author":19,"featured_media":26603,"comment_status":"closed","ping_status":"closed","sticky":false,"template":"","format":"standard","meta":{"_acf_changed":false,"site-sidebar-layout":"default","site-content-layout":"","ast-site-content-layout":"default","site-content-style":"default","site-sidebar-style":"default","ast-global-header-display":"","ast-banner-title-visibility":"","ast-main-header-display":"","ast-hfb-above-header-display":"","ast-hfb-below-header-display":"","ast-hfb-mobile-header-display":"","site-post-title":"","ast-breadcrumbs-content":"","ast-featured-img":"","footer-sml-layout":"","ast-disable-related-posts":"","theme-transparent-header-meta":"default","adv-header-id-meta":"","stick-header-meta":"","header-above-stick-meta":"","header-main-stick-meta":"","header-below-stick-meta":"","astra-migrate-meta-layouts":"set","ast-page-background-enabled":"default","ast-page-background-meta":{"desktop":{"background-color":"var(--ast-global-color-4)","background-image":"","background-repeat":"repeat","background-position":"center center","background-size":"auto","background-attachment":"scroll","background-type":"","background-media":"","overlay-type":"","overlay-color":"","overlay-opacity":"","overlay-gradient":""},"tablet":{"background-color":"","background-image":"","background-repeat":"repeat","background-position":"center center","background-size":"auto","background-attachment":"scroll","background-type":"","background-media":"","overlay-type":"","overlay-color":"","overlay-opacity":"","overlay-gradient":""},"mobile":{"background-color":"","background-image":"","background-repeat":"repeat","background-position":"center center","background-size":"auto","background-attachment":"scroll","background-type":"","background-media":"","overlay-type":"","overlay-color":"","overlay-opacity":"","overlay-gradient":""}},"ast-content-background-meta":{"desktop":{"background-color":"var(--ast-global-color-5)","background-image":"","background-repeat":"repeat","background-position":"center center","background-size":"auto","background-attachment":"scroll","background-type":"","background-media":"","overlay-type":"","overlay-color":"","overlay-opacity":"","overlay-gradient":""},"tablet":{"background-color":"var(--ast-global-color-5)","background-image":"","background-repeat":"repeat","background-position":"center center","background-size":"auto","background-attachment":"scroll","background-type":"","background-media":"","overlay-type":"","overlay-color":"","overlay-opacity":"","overlay-gradient":""},"mobile":{"background-color":"var(--ast-global-color-5)","background-image":"","background-repeat":"repeat","background-position":"center center","background-size":"auto","background-attachment":"scroll","background-type":"","background-media":"","overlay-type":"","overlay-color":"","overlay-opacity":"","overlay-gradient":""}},"footnotes":""},"categories":[49],"tags":[],"related_contact":[201],"expertise":[574,362,190,572,575],"class_list":["post-26062","post","type-post","status-publish","format-standard","has-post-thumbnail","hentry","category-insights2"],"acf":[],"yoast_head":"<!-- This site is optimized with the Yoast SEO Premium plugin v28.3 (Yoast SEO v28.3) - https:\/\/yoast.com\/product\/yoast-seo-premium-wordpress\/ -->\n<title>Unternehmensverlagerung in die Schweiz: F\u00fcnf zentrale Fragen f\u00fcr Unternehmen und ihre Gr\u00fcnder | Lindemann Law<\/title>\n<meta name=\"description\" content=\"Unternehmensverlagerung in die Schweiz: f\u00fcnf zentrale Fragen zu Rechtsform, Bewilligungen, Steuern, Sozialversicherung und Wegzugsbesteuerung f\u00fcr Unternehmen und Gr\u00fcnder.\" \/>\n<meta name=\"robots\" content=\"index, follow, max-snippet:-1, max-image-preview:large, max-video-preview:-1\" \/>\n<link rel=\"canonical\" href=\"https:\/\/lindemannlaw.ch\/de\/insights2\/unternehmensverlagerung-schweiz-fuenf-zentrale-fragen\/\" \/>\n<meta property=\"og:locale\" content=\"de_DE\" \/>\n<meta property=\"og:type\" content=\"article\" \/>\n<meta property=\"og:title\" content=\"Unternehmensverlagerung in die Schweiz: F\u00fcnf zentrale Fragen f\u00fcr Unternehmen und ihre Gr\u00fcnder\" \/>\n<meta property=\"og:description\" content=\"Unternehmensverlagerung in die Schweiz: f\u00fcnf zentrale Fragen zu Rechtsform, Bewilligungen, Steuern, Sozialversicherung und Wegzugsbesteuerung f\u00fcr Unternehmen und Gr\u00fcnder.\" \/>\n<meta property=\"og:url\" content=\"https:\/\/lindemannlaw.ch\/de\/insights2\/unternehmensverlagerung-schweiz-fuenf-zentrale-fragen\/\" \/>\n<meta property=\"og:site_name\" content=\"Lindemann Law\" \/>\n<meta property=\"article:published_time\" content=\"2026-08-31T08:38:45+00:00\" \/>\n<meta property=\"article:modified_time\" content=\"2026-08-31T09:36:33+00:00\" \/>\n<meta property=\"og:image\" content=\"https:\/\/lindemannlaw.ch\/wp-content\/uploads\/2026\/08\/insight-web-copy.webp\" \/>\n\t<meta property=\"og:image:width\" content=\"1600\" \/>\n\t<meta property=\"og:image:height\" content=\"900\" \/>\n\t<meta property=\"og:image:type\" content=\"image\/webp\" \/>\n<meta name=\"author\" content=\"LINDEMANN\" \/>\n<meta name=\"twitter:card\" content=\"summary_large_image\" \/>\n<meta name=\"twitter:creator\" content=\"@Lindemann_law\" \/>\n<meta name=\"twitter:site\" content=\"@Lindemann_law\" \/>\n<meta name=\"twitter:label1\" content=\"Verfasst von\" \/>\n\t<meta name=\"twitter:data1\" content=\"LINDEMANN\" \/>\n\t<meta name=\"twitter:label2\" content=\"Gesch\u00e4tzte Lesezeit\" \/>\n\t<meta name=\"twitter:data2\" content=\"5 Minuten\" \/>\n<script type=\"application\/ld+json\" class=\"yoast-schema-graph\">{\"@context\":\"https:\\\/\\\/schema.org\",\"@graph\":[{\"@type\":\"Article\",\"@id\":\"https:\\\/\\\/lindemannlaw.ch\\\/de\\\/insights2\\\/unternehmensverlagerung-schweiz-fuenf-zentrale-fragen\\\/#article\",\"isPartOf\":{\"@id\":\"https:\\\/\\\/lindemannlaw.ch\\\/de\\\/insights2\\\/unternehmensverlagerung-schweiz-fuenf-zentrale-fragen\\\/\"},\"author\":{\"name\":\"LINDEMANN\",\"@id\":\"https:\\\/\\\/lindemannlaw.ch\\\/de\\\/#\\\/schema\\\/person\\\/13c7262ec98b677ee605680c32d9e377\"},\"headline\":\"Unternehmensverlagerung in die Schweiz: F\u00fcnf zentrale Fragen f\u00fcr Unternehmen und ihre Gr\u00fcnder\",\"datePublished\":\"2026-08-31T08:38:45+00:00\",\"dateModified\":\"2026-08-31T09:36:33+00:00\",\"mainEntityOfPage\":{\"@id\":\"https:\\\/\\\/lindemannlaw.ch\\\/de\\\/insights2\\\/unternehmensverlagerung-schweiz-fuenf-zentrale-fragen\\\/\"},\"wordCount\":1216,\"publisher\":{\"@id\":\"https:\\\/\\\/lindemannlaw.ch\\\/de\\\/#organization\"},\"image\":{\"@id\":\"https:\\\/\\\/lindemannlaw.ch\\\/de\\\/insights2\\\/unternehmensverlagerung-schweiz-fuenf-zentrale-fragen\\\/#primaryimage\"},\"thumbnailUrl\":\"https:\\\/\\\/lindemannlaw.ch\\\/wp-content\\\/uploads\\\/2026\\\/08\\\/insight-web-copy.webp\",\"articleSection\":[\"Insights\"],\"inLanguage\":\"de-DE\"},{\"@type\":\"WebPage\",\"@id\":\"https:\\\/\\\/lindemannlaw.ch\\\/de\\\/insights2\\\/unternehmensverlagerung-schweiz-fuenf-zentrale-fragen\\\/\",\"url\":\"https:\\\/\\\/lindemannlaw.ch\\\/de\\\/insights2\\\/unternehmensverlagerung-schweiz-fuenf-zentrale-fragen\\\/\",\"name\":\"Unternehmensverlagerung in die Schweiz: F\u00fcnf zentrale Fragen f\u00fcr Unternehmen und ihre Gr\u00fcnder | Lindemann Law\",\"isPartOf\":{\"@id\":\"https:\\\/\\\/lindemannlaw.ch\\\/de\\\/#website\"},\"primaryImageOfPage\":{\"@id\":\"https:\\\/\\\/lindemannlaw.ch\\\/de\\\/insights2\\\/unternehmensverlagerung-schweiz-fuenf-zentrale-fragen\\\/#primaryimage\"},\"image\":{\"@id\":\"https:\\\/\\\/lindemannlaw.ch\\\/de\\\/insights2\\\/unternehmensverlagerung-schweiz-fuenf-zentrale-fragen\\\/#primaryimage\"},\"thumbnailUrl\":\"https:\\\/\\\/lindemannlaw.ch\\\/wp-content\\\/uploads\\\/2026\\\/08\\\/insight-web-copy.webp\",\"datePublished\":\"2026-08-31T08:38:45+00:00\",\"dateModified\":\"2026-08-31T09:36:33+00:00\",\"description\":\"Unternehmensverlagerung in die Schweiz: f\u00fcnf zentrale Fragen zu Rechtsform, Bewilligungen, Steuern, Sozialversicherung und Wegzugsbesteuerung f\u00fcr Unternehmen und Gr\u00fcnder.\",\"breadcrumb\":{\"@id\":\"https:\\\/\\\/lindemannlaw.ch\\\/de\\\/insights2\\\/unternehmensverlagerung-schweiz-fuenf-zentrale-fragen\\\/#breadcrumb\"},\"inLanguage\":\"de-DE\",\"potentialAction\":[{\"@type\":\"ReadAction\",\"target\":[\"https:\\\/\\\/lindemannlaw.ch\\\/de\\\/insights2\\\/unternehmensverlagerung-schweiz-fuenf-zentrale-fragen\\\/\"]}]},{\"@type\":\"ImageObject\",\"inLanguage\":\"de-DE\",\"@id\":\"https:\\\/\\\/lindemannlaw.ch\\\/de\\\/insights2\\\/unternehmensverlagerung-schweiz-fuenf-zentrale-fragen\\\/#primaryimage\",\"url\":\"https:\\\/\\\/lindemannlaw.ch\\\/wp-content\\\/uploads\\\/2026\\\/08\\\/insight-web-copy.webp\",\"contentUrl\":\"https:\\\/\\\/lindemannlaw.ch\\\/wp-content\\\/uploads\\\/2026\\\/08\\\/insight-web-copy.webp\",\"width\":1600,\"height\":900},{\"@type\":\"BreadcrumbList\",\"@id\":\"https:\\\/\\\/lindemannlaw.ch\\\/de\\\/insights2\\\/unternehmensverlagerung-schweiz-fuenf-zentrale-fragen\\\/#breadcrumb\",\"itemListElement\":[{\"@type\":\"ListItem\",\"position\":1,\"name\":\"Home\",\"item\":\"https:\\\/\\\/lindemannlaw.ch\\\/de\\\/\"},{\"@type\":\"ListItem\",\"position\":2,\"name\":\"Insights\",\"item\":\"https:\\\/\\\/lindemannlaw.ch\\\/de\\\/category\\\/insights2\\\/\"},{\"@type\":\"ListItem\",\"position\":3,\"name\":\"Unternehmensverlagerung in die Schweiz: F\u00fcnf zentrale Fragen f\u00fcr Unternehmen und ihre Gr\u00fcnder\"}]},{\"@type\":\"WebSite\",\"@id\":\"https:\\\/\\\/lindemannlaw.ch\\\/de\\\/#website\",\"url\":\"https:\\\/\\\/lindemannlaw.ch\\\/de\\\/\",\"name\":\"Lindemann Law\",\"description\":\"Asset Management legal services\",\"publisher\":{\"@id\":\"https:\\\/\\\/lindemannlaw.ch\\\/de\\\/#organization\"},\"potentialAction\":[{\"@type\":\"SearchAction\",\"target\":{\"@type\":\"EntryPoint\",\"urlTemplate\":\"https:\\\/\\\/lindemannlaw.ch\\\/de\\\/?s={search_term_string}\"},\"query-input\":{\"@type\":\"PropertyValueSpecification\",\"valueRequired\":true,\"valueName\":\"search_term_string\"}}],\"inLanguage\":\"de-DE\"},{\"@type\":\"Organization\",\"@id\":\"https:\\\/\\\/lindemannlaw.ch\\\/de\\\/#organization\",\"name\":\"Lindemann Law\",\"url\":\"https:\\\/\\\/lindemannlaw.ch\\\/de\\\/\",\"logo\":{\"@type\":\"ImageObject\",\"inLanguage\":\"de-DE\",\"@id\":\"https:\\\/\\\/lindemannlaw.ch\\\/de\\\/#\\\/schema\\\/logo\\\/image\\\/\",\"url\":\"https:\\\/\\\/lindemannlaw.ch\\\/wp-content\\\/uploads\\\/2021\\\/01\\\/logo-lindemannlaw_cropped.png\",\"contentUrl\":\"https:\\\/\\\/lindemannlaw.ch\\\/wp-content\\\/uploads\\\/2021\\\/01\\\/logo-lindemannlaw_cropped.png\",\"width\":150,\"height\":73,\"caption\":\"Lindemann Law\"},\"image\":{\"@id\":\"https:\\\/\\\/lindemannlaw.ch\\\/de\\\/#\\\/schema\\\/logo\\\/image\\\/\"},\"sameAs\":[\"https:\\\/\\\/x.com\\\/Lindemann_law\",\"https:\\\/\\\/www.linkedin.com\\\/company\\\/lindemannlaw\\\/\"]},{\"@type\":\"Person\",\"@id\":\"https:\\\/\\\/lindemannlaw.ch\\\/de\\\/#\\\/schema\\\/person\\\/13c7262ec98b677ee605680c32d9e377\",\"name\":\"LINDEMANN\",\"image\":{\"@type\":\"ImageObject\",\"inLanguage\":\"de-DE\",\"@id\":\"https:\\\/\\\/secure.gravatar.com\\\/avatar\\\/aabce4a6c345deffaa07d68e9dca61e186138cb2a1d9602ba8135cbee6dd9ef2?s=96&d=mm&r=g\",\"url\":\"https:\\\/\\\/secure.gravatar.com\\\/avatar\\\/aabce4a6c345deffaa07d68e9dca61e186138cb2a1d9602ba8135cbee6dd9ef2?s=96&d=mm&r=g\",\"contentUrl\":\"https:\\\/\\\/secure.gravatar.com\\\/avatar\\\/aabce4a6c345deffaa07d68e9dca61e186138cb2a1d9602ba8135cbee6dd9ef2?s=96&d=mm&r=g\",\"caption\":\"LINDEMANN\"}}]}<\/script>\n<!-- \/ Yoast SEO Premium plugin. -->","yoast_head_json":{"title":"Unternehmensverlagerung in die Schweiz: F\u00fcnf zentrale Fragen f\u00fcr Unternehmen und ihre Gr\u00fcnder | Lindemann Law","description":"Unternehmensverlagerung in die Schweiz: f\u00fcnf zentrale Fragen zu Rechtsform, Bewilligungen, Steuern, Sozialversicherung und Wegzugsbesteuerung f\u00fcr Unternehmen und Gr\u00fcnder.","robots":{"index":"index","follow":"follow","max-snippet":"max-snippet:-1","max-image-preview":"max-image-preview:large","max-video-preview":"max-video-preview:-1"},"canonical":"https:\/\/lindemannlaw.ch\/de\/insights2\/unternehmensverlagerung-schweiz-fuenf-zentrale-fragen\/","og_locale":"de_DE","og_type":"article","og_title":"Unternehmensverlagerung in die Schweiz: F\u00fcnf zentrale Fragen f\u00fcr Unternehmen und ihre Gr\u00fcnder","og_description":"Unternehmensverlagerung in die Schweiz: f\u00fcnf zentrale Fragen zu Rechtsform, Bewilligungen, Steuern, Sozialversicherung und Wegzugsbesteuerung f\u00fcr Unternehmen und Gr\u00fcnder.","og_url":"https:\/\/lindemannlaw.ch\/de\/insights2\/unternehmensverlagerung-schweiz-fuenf-zentrale-fragen\/","og_site_name":"Lindemann Law","article_published_time":"2026-08-31T08:38:45+00:00","article_modified_time":"2026-08-31T09:36:33+00:00","og_image":[{"width":1600,"height":900,"url":"https:\/\/lindemannlaw.ch\/wp-content\/uploads\/2026\/08\/insight-web-copy.webp","type":"image\/webp"}],"author":"LINDEMANN","twitter_card":"summary_large_image","twitter_creator":"@Lindemann_law","twitter_site":"@Lindemann_law","twitter_misc":{"Verfasst von":"LINDEMANN","Gesch\u00e4tzte Lesezeit":"5 Minuten"},"schema":{"@context":"https:\/\/schema.org","@graph":[{"@type":"Article","@id":"https:\/\/lindemannlaw.ch\/de\/insights2\/unternehmensverlagerung-schweiz-fuenf-zentrale-fragen\/#article","isPartOf":{"@id":"https:\/\/lindemannlaw.ch\/de\/insights2\/unternehmensverlagerung-schweiz-fuenf-zentrale-fragen\/"},"author":{"name":"LINDEMANN","@id":"https:\/\/lindemannlaw.ch\/de\/#\/schema\/person\/13c7262ec98b677ee605680c32d9e377"},"headline":"Unternehmensverlagerung in die Schweiz: F\u00fcnf zentrale Fragen f\u00fcr Unternehmen und ihre Gr\u00fcnder","datePublished":"2026-08-31T08:38:45+00:00","dateModified":"2026-08-31T09:36:33+00:00","mainEntityOfPage":{"@id":"https:\/\/lindemannlaw.ch\/de\/insights2\/unternehmensverlagerung-schweiz-fuenf-zentrale-fragen\/"},"wordCount":1216,"publisher":{"@id":"https:\/\/lindemannlaw.ch\/de\/#organization"},"image":{"@id":"https:\/\/lindemannlaw.ch\/de\/insights2\/unternehmensverlagerung-schweiz-fuenf-zentrale-fragen\/#primaryimage"},"thumbnailUrl":"https:\/\/lindemannlaw.ch\/wp-content\/uploads\/2026\/08\/insight-web-copy.webp","articleSection":["Insights"],"inLanguage":"de-DE"},{"@type":"WebPage","@id":"https:\/\/lindemannlaw.ch\/de\/insights2\/unternehmensverlagerung-schweiz-fuenf-zentrale-fragen\/","url":"https:\/\/lindemannlaw.ch\/de\/insights2\/unternehmensverlagerung-schweiz-fuenf-zentrale-fragen\/","name":"Unternehmensverlagerung in die Schweiz: F\u00fcnf zentrale Fragen f\u00fcr Unternehmen und ihre Gr\u00fcnder | Lindemann Law","isPartOf":{"@id":"https:\/\/lindemannlaw.ch\/de\/#website"},"primaryImageOfPage":{"@id":"https:\/\/lindemannlaw.ch\/de\/insights2\/unternehmensverlagerung-schweiz-fuenf-zentrale-fragen\/#primaryimage"},"image":{"@id":"https:\/\/lindemannlaw.ch\/de\/insights2\/unternehmensverlagerung-schweiz-fuenf-zentrale-fragen\/#primaryimage"},"thumbnailUrl":"https:\/\/lindemannlaw.ch\/wp-content\/uploads\/2026\/08\/insight-web-copy.webp","datePublished":"2026-08-31T08:38:45+00:00","dateModified":"2026-08-31T09:36:33+00:00","description":"Unternehmensverlagerung in die Schweiz: f\u00fcnf zentrale Fragen zu Rechtsform, Bewilligungen, Steuern, Sozialversicherung und Wegzugsbesteuerung f\u00fcr Unternehmen und Gr\u00fcnder.","breadcrumb":{"@id":"https:\/\/lindemannlaw.ch\/de\/insights2\/unternehmensverlagerung-schweiz-fuenf-zentrale-fragen\/#breadcrumb"},"inLanguage":"de-DE","potentialAction":[{"@type":"ReadAction","target":["https:\/\/lindemannlaw.ch\/de\/insights2\/unternehmensverlagerung-schweiz-fuenf-zentrale-fragen\/"]}]},{"@type":"ImageObject","inLanguage":"de-DE","@id":"https:\/\/lindemannlaw.ch\/de\/insights2\/unternehmensverlagerung-schweiz-fuenf-zentrale-fragen\/#primaryimage","url":"https:\/\/lindemannlaw.ch\/wp-content\/uploads\/2026\/08\/insight-web-copy.webp","contentUrl":"https:\/\/lindemannlaw.ch\/wp-content\/uploads\/2026\/08\/insight-web-copy.webp","width":1600,"height":900},{"@type":"BreadcrumbList","@id":"https:\/\/lindemannlaw.ch\/de\/insights2\/unternehmensverlagerung-schweiz-fuenf-zentrale-fragen\/#breadcrumb","itemListElement":[{"@type":"ListItem","position":1,"name":"Home","item":"https:\/\/lindemannlaw.ch\/de\/"},{"@type":"ListItem","position":2,"name":"Insights","item":"https:\/\/lindemannlaw.ch\/de\/category\/insights2\/"},{"@type":"ListItem","position":3,"name":"Unternehmensverlagerung in die Schweiz: F\u00fcnf zentrale Fragen f\u00fcr Unternehmen und ihre Gr\u00fcnder"}]},{"@type":"WebSite","@id":"https:\/\/lindemannlaw.ch\/de\/#website","url":"https:\/\/lindemannlaw.ch\/de\/","name":"Lindemann Law","description":"Asset Management legal services","publisher":{"@id":"https:\/\/lindemannlaw.ch\/de\/#organization"},"potentialAction":[{"@type":"SearchAction","target":{"@type":"EntryPoint","urlTemplate":"https:\/\/lindemannlaw.ch\/de\/?s={search_term_string}"},"query-input":{"@type":"PropertyValueSpecification","valueRequired":true,"valueName":"search_term_string"}}],"inLanguage":"de-DE"},{"@type":"Organization","@id":"https:\/\/lindemannlaw.ch\/de\/#organization","name":"Lindemann Law","url":"https:\/\/lindemannlaw.ch\/de\/","logo":{"@type":"ImageObject","inLanguage":"de-DE","@id":"https:\/\/lindemannlaw.ch\/de\/#\/schema\/logo\/image\/","url":"https:\/\/lindemannlaw.ch\/wp-content\/uploads\/2021\/01\/logo-lindemannlaw_cropped.png","contentUrl":"https:\/\/lindemannlaw.ch\/wp-content\/uploads\/2021\/01\/logo-lindemannlaw_cropped.png","width":150,"height":73,"caption":"Lindemann Law"},"image":{"@id":"https:\/\/lindemannlaw.ch\/de\/#\/schema\/logo\/image\/"},"sameAs":["https:\/\/x.com\/Lindemann_law","https:\/\/www.linkedin.com\/company\/lindemannlaw\/"]},{"@type":"Person","@id":"https:\/\/lindemannlaw.ch\/de\/#\/schema\/person\/13c7262ec98b677ee605680c32d9e377","name":"LINDEMANN","image":{"@type":"ImageObject","inLanguage":"de-DE","@id":"https:\/\/secure.gravatar.com\/avatar\/aabce4a6c345deffaa07d68e9dca61e186138cb2a1d9602ba8135cbee6dd9ef2?s=96&d=mm&r=g","url":"https:\/\/secure.gravatar.com\/avatar\/aabce4a6c345deffaa07d68e9dca61e186138cb2a1d9602ba8135cbee6dd9ef2?s=96&d=mm&r=g","contentUrl":"https:\/\/secure.gravatar.com\/avatar\/aabce4a6c345deffaa07d68e9dca61e186138cb2a1d9602ba8135cbee6dd9ef2?s=96&d=mm&r=g","caption":"LINDEMANN"}}]}},"_links":{"self":[{"href":"https:\/\/lindemannlaw.ch\/de\/wp-json\/wp\/v2\/posts\/26062","targetHints":{"allow":["GET"]}}],"collection":[{"href":"https:\/\/lindemannlaw.ch\/de\/wp-json\/wp\/v2\/posts"}],"about":[{"href":"https:\/\/lindemannlaw.ch\/de\/wp-json\/wp\/v2\/types\/post"}],"author":[{"embeddable":true,"href":"https:\/\/lindemannlaw.ch\/de\/wp-json\/wp\/v2\/users\/19"}],"replies":[{"embeddable":true,"href":"https:\/\/lindemannlaw.ch\/de\/wp-json\/wp\/v2\/comments?post=26062"}],"version-history":[{"count":6,"href":"https:\/\/lindemannlaw.ch\/de\/wp-json\/wp\/v2\/posts\/26062\/revisions"}],"predecessor-version":[{"id":26616,"href":"https:\/\/lindemannlaw.ch\/de\/wp-json\/wp\/v2\/posts\/26062\/revisions\/26616"}],"wp:featuredmedia":[{"embeddable":true,"href":"https:\/\/lindemannlaw.ch\/de\/wp-json\/wp\/v2\/media\/26603"}],"wp:attachment":[{"href":"https:\/\/lindemannlaw.ch\/de\/wp-json\/wp\/v2\/media?parent=26062"}],"wp:term":[{"taxonomy":"category","embeddable":true,"href":"https:\/\/lindemannlaw.ch\/de\/wp-json\/wp\/v2\/categories?post=26062"},{"taxonomy":"post_tag","embeddable":true,"href":"https:\/\/lindemannlaw.ch\/de\/wp-json\/wp\/v2\/tags?post=26062"},{"taxonomy":"related_contact","embeddable":true,"href":"https:\/\/lindemannlaw.ch\/de\/wp-json\/wp\/v2\/related_contact?post=26062"},{"taxonomy":"expertise","embeddable":true,"href":"https:\/\/lindemannlaw.ch\/de\/wp-json\/wp\/v2\/expertise?post=26062"}],"curies":[{"name":"wp","href":"https:\/\/api.w.org\/{rel}","templated":true}]}}