{"id":8070,"date":"2022-04-28T09:40:34","date_gmt":"2022-04-28T08:40:34","guid":{"rendered":"https:\/\/lindemannlaw.ch\/?p=8070"},"modified":"2023-11-02T16:44:18","modified_gmt":"2023-11-02T15:44:18","slug":"wann-haftet-der-schweizer-verwaltungsrat","status":"publish","type":"post","link":"https:\/\/lindemannlaw.ch\/de\/insights2\/wann-haftet-der-schweizer-verwaltungsrat\/","title":{"rendered":"Akademie f\u00fcr Verwaltungsr\u00e4te, Teil 1 &#8211; Wann haftet der Schweizer Verwaltungsrat?"},"content":{"rendered":"<p><em>Der Verwaltungsrat in der Schweiz hat viele gesetzlich auferlegte Verantwortlichkeiten. Es gibt einige, die den juristischen K\u00f6rper der Aktiengesellschaft zu durchschlagen verm\u00f6gen und zu einer pers\u00f6nlichen Haftung f\u00fchren. Dr. Ariel Sergio Davidoff, Partner von LINDEMANNLAW, geht im Folgenden darauf ein.<\/em><\/p>\n<p><strong><em>1. Was sind die un\u00fcbertragbaren Aufgaben des VR (OR 716a)?<\/em><\/strong><\/p>\n<p>Interessanterweise stellen wir in Gespr\u00e4chen mit unseren Unternehmerkunden oft fest, dass ihnen diese Aufgaben nicht gel\u00e4ufig sind. Internationale Kundschaft denkt oft noch in Schemen der Siebziger Jahre. Damals gen\u00fcgte es, eine Hilfskraft als VR einer Firma zu bestellen, die dann alles unterschrieb, was der Unternehmer verlangte. In der Schweiz ist der VR weiterhin gem\u00e4ss Gesetz in der Pflicht f\u00fcr die Oberleitung der Gesellschaft und die Erteilung der n\u00f6tigen Weisungen und die Festlegung der Organisation. Er ist verantwortlich f\u00fcr die Ausgestaltung des Rechnungswesens, der Finanzkontrolle sowie der Finanzplanung, sofern diese f\u00fcr die F\u00fchrung der Gesellschaft notwendig ist \u2013 das heisst bei kleineren Unternehmen ist diese Aufgabe vernachl\u00e4ssigbar. Der VR ernennt und l\u00f6st die Gesch\u00e4ftsf\u00fchrung ab und die mit der Vertretung der Gesellschaft betrauten Personen und muss diese \u00fcberwachen, namentlich im Hinblick auf die Befolgung der Gesetze, Statuten, Reglemente und Weisungen. Weiter zeichnet der VR verantwortlich f\u00fcr die Erstellung des Gesch\u00e4ftsberichtes sowie die Vorbereitung der Generalversammlung und die Ausf\u00fchrung ihrer Beschl\u00fcsse. Schlimmstenfalls muss er weiterhin den Richter benachrichtigen im Falle einer \u00dcberschuldung. F\u00fcr all diese Aufgaben kann sich der VR, wenn gen\u00fcgend Mitglieder da sind, intern organisieren und die Vorbereitung und die Ausf\u00fchrung seiner Beschl\u00fcsse oder die \u00dcberwachung von Gesch\u00e4ften Aussch\u00fcssen oder einzelnen Mitgliedern zuweisen. Dabei hat f\u00fcr eine angemessene Berichterstattung an seine Mitglieder zu sorgen. Soweit das vom Gesetz Verlangte.<\/p>\n<p><strong><em>2. Wie steht es mit der Sorgfaltspflicht (OR 717)?<\/em><\/strong><\/p>\n<p>In englischen Firmen ist es \u00fcblich, zu Beginn einer VR Sitzung eine \u201eDeclaration of Interest\u201c der VR Mitglieder abzufragen. Das bedeutet, es wird festgehalten, ob sich seit der letzten VR Sitzung bei den Mitgliedern des Verwaltungsrates neue Umst\u00e4nde ergeben haben, die sie in Bezug auf die Ausf\u00fchrung ihrer T\u00e4tigkeit f\u00fcr die Gesellschaft befangen machen. Beispielsweise der Erwerb eines Aktienpakets eines Mitbewerbers oder die Annahme eines Mandates, welches zu einem Interessenkonflikt bez\u00fcglich des VR Mandates in der betreffenden Gesellschaft f\u00fchrt. Im Schweizer Recht heisst es dazu, dass die Mitglieder des VR sowie allf\u00e4llige Dritte, die mit der Gesch\u00e4ftsf\u00fchrung beauftragt sind, ihre Aufgaben mit aller Sorgfalt erf\u00fcllen m\u00fcssen und die Interessen der Gesellschaft in guten Treuen zu wahren haben. Dass dies ernsthafte Konsequenzen haben kann, sieht man derzeit im Verfahren gegen Pierin Vincenz.<\/p>\n<p><strong><em>3. Aktienrechtliche Konsequenzen (OR 754, OR 756-757)?<\/em><\/strong><\/p>\n<p>Spannenderweise sind die Mitglieder des VR einzeln und gemeinsam haftbar f\u00fcr den Schaden, den sie durch absichtliche oder fahrl\u00e4ssige Verletzung ihrer oben aufgelisteten Pflichten verursachen.\u00a0 Die Haftbarkeit gilt gegen\u00fcber den Aktion\u00e4ren, den Gesellschaftsgl\u00e4ubigern und der Gesellschaft selbst. Wenn der VR diese Aufgaben im Rahmen seiner Befugnisse Dritten, zB der Gesch\u00e4ftsleitung \u00fcbertragen hat, muss er nachweisen k\u00f6nnen, dass er dies sorgf\u00e4ltig in Bezug auf die Auswahl der Personen, deren Unterrichtung und deren \u00dcberwachung getan hat. Kl\u00e4ger k\u00f6nnen im Konkurs Gesellschaftsgl\u00e4ubiger sein, allenfalls hinter der Konkursverwaltung, dies kann dann auch der Fiskus sein. Wenn kein Konkursfall vorliegt, d\u00fcrfen nur die Gesellschaft und die Aktion\u00e4re klagen, und zwar auf Leistung an die Gesellschaft. Wie dies aussehen kann bei Sozialversicherungen und Verrechnungssteuerforderungen schauen wir im Teil 2 an.<\/p>\n<p><em>\u00a0<\/em><strong><em>F\u00fcr weitere Informationen k\u00f6nnen Sie sich gerne an uns wenden, wir helfen gerne.<br \/>\n<\/em><\/strong><\/p>\n<p><a class=\"blogbutton\" href=\"https:\/\/lindemannlaw.ch\/wp-content\/uploads\/2022\/05\/bod-academy_teil-1_haftung_newsletter-2.pdf\" target=\"_blank\" rel=\"noopener\">Download as PDF<\/a><\/p>\n","protected":false},"excerpt":{"rendered":"<p>Der Verwaltungsrat in der Schweiz hat viele gesetzlich auferlegte Verantwortlichkeiten. Es gibt einige, die den juristischen K\u00f6rper der Aktiengesellschaft zu durchschlagen verm\u00f6gen und zu einer pers\u00f6nlichen Haftung f\u00fchren. Dr. Ariel Sergio Davidoff, Partner von LINDEMANNLAW, geht im Folgenden darauf ein. 1. Was sind die un\u00fcbertragbaren Aufgaben des VR (OR 716a)? Interessanterweise stellen wir in Gespr\u00e4chen [&hellip;]<\/p>\n","protected":false},"author":5,"featured_media":3476,"comment_status":"open","ping_status":"closed","sticky":false,"template":"","format":"standard","meta":{"_acf_changed":false,"_yoast_wpseo_focuskw":"","_yoast_wpseo_title":"","_yoast_wpseo_metadesc":"","site-sidebar-layout":"default","site-content-layout":"","ast-site-content-layout":"default","site-content-style":"default","site-sidebar-style":"default","ast-global-header-display":"","ast-banner-title-visibility":"","ast-main-header-display":"","ast-hfb-above-header-display":"","ast-hfb-below-header-display":"","ast-hfb-mobile-header-display":"","site-post-title":"","ast-breadcrumbs-content":"","ast-featured-img":"","footer-sml-layout":"","ast-disable-related-posts":"","theme-transparent-header-meta":"default","adv-header-id-meta":"","stick-header-meta":"","header-above-stick-meta":"","header-main-stick-meta":"","header-below-stick-meta":"","astra-migrate-meta-layouts":"set","ast-page-background-enabled":"default","ast-page-background-meta":{"desktop":{"background-color":"var(--ast-global-color-4)","background-image":"","background-repeat":"repeat","background-position":"center center","background-size":"auto","background-attachment":"scroll","background-type":"","background-media":"","overlay-type":"","overlay-color":"","overlay-opacity":"","overlay-gradient":""},"tablet":{"background-color":"","background-image":"","background-repeat":"repeat","background-position":"center center","background-size":"auto","background-attachment":"scroll","background-type":"","background-media":"","overlay-type":"","overlay-color":"","overlay-opacity":"","overlay-gradient":""},"mobile":{"background-color":"","background-image":"","background-repeat":"repeat","background-position":"center center","background-size":"auto","background-attachment":"scroll","background-type":"","background-media":"","overlay-type":"","overlay-color":"","overlay-opacity":"","overlay-gradient":""}},"ast-content-background-meta":{"desktop":{"background-color":"var(--ast-global-color-5)","background-image":"","background-repeat":"repeat","background-position":"center center","background-size":"auto","background-attachment":"scroll","background-type":"","background-media":"","overlay-type":"","overlay-color":"","overlay-opacity":"","overlay-gradient":""},"tablet":{"background-color":"var(--ast-global-color-5)","background-image":"","background-repeat":"repeat","background-position":"center center","background-size":"auto","background-attachment":"scroll","background-type":"","background-media":"","overlay-type":"","overlay-color":"","overlay-opacity":"","overlay-gradient":""},"mobile":{"background-color":"var(--ast-global-color-5)","background-image":"","background-repeat":"repeat","background-position":"center center","background-size":"auto","background-attachment":"scroll","background-type":"","background-media":"","overlay-type":"","overlay-color":"","overlay-opacity":"","overlay-gradient":""}},"footnotes":""},"categories":[49],"tags":[],"related_contact":[201,205,211],"expertise":[197,173],"class_list":["post-8070","post","type-post","status-publish","format-standard","has-post-thumbnail","hentry","category-insights2"],"acf":[],"yoast_head":"<!-- This site is optimized with the Yoast SEO Premium plugin v27.5 (Yoast SEO v27.5) - https:\/\/yoast.com\/product\/yoast-seo-premium-wordpress\/ -->\n<title>Akademie f\u00fcr Verwaltungsr\u00e4te, Teil 1 - Wann haftet der Schweizer Verwaltungsrat? | Lindemann Law<\/title>\n<meta name=\"robots\" content=\"index, follow, max-snippet:-1, max-image-preview:large, max-video-preview:-1\" \/>\n<link rel=\"canonical\" href=\"https:\/\/lindemannlaw.ch\/de\/insights2\/wann-haftet-der-schweizer-verwaltungsrat\/\" \/>\n<meta property=\"og:locale\" content=\"de_DE\" \/>\n<meta property=\"og:type\" content=\"article\" \/>\n<meta property=\"og:title\" content=\"Akademie f\u00fcr Verwaltungsr\u00e4te, Teil 1 - Wann haftet der Schweizer Verwaltungsrat?\" \/>\n<meta property=\"og:description\" content=\"Der Verwaltungsrat in der Schweiz hat viele gesetzlich auferlegte Verantwortlichkeiten. Es gibt einige, die den juristischen K\u00f6rper der Aktiengesellschaft zu durchschlagen verm\u00f6gen und zu einer pers\u00f6nlichen Haftung f\u00fchren. Dr. Ariel Sergio Davidoff, Partner von LINDEMANNLAW, geht im Folgenden darauf ein. 1. Was sind die un\u00fcbertragbaren Aufgaben des VR (OR 716a)? Interessanterweise stellen wir in Gespr\u00e4chen [&hellip;]\" \/>\n<meta property=\"og:url\" content=\"https:\/\/lindemannlaw.ch\/de\/insights2\/wann-haftet-der-schweizer-verwaltungsrat\/\" \/>\n<meta property=\"og:site_name\" content=\"Lindemann Law\" \/>\n<meta property=\"article:published_time\" content=\"2022-04-28T08:40:34+00:00\" \/>\n<meta property=\"article:modified_time\" content=\"2023-11-02T15:44:18+00:00\" \/>\n<meta property=\"og:image\" content=\"https:\/\/lindemannlaw.ch\/wp-content\/uploads\/2021\/01\/LINDEMANNLAW-Directorships.jpg\" \/>\n\t<meta property=\"og:image:width\" content=\"1800\" \/>\n\t<meta property=\"og:image:height\" content=\"2501\" \/>\n\t<meta property=\"og:image:type\" content=\"image\/jpeg\" \/>\n<meta name=\"author\" content=\"Qendresa\" \/>\n<meta name=\"twitter:card\" content=\"summary_large_image\" \/>\n<meta name=\"twitter:creator\" content=\"@Lindemann_law\" \/>\n<meta name=\"twitter:site\" content=\"@Lindemann_law\" \/>\n<meta name=\"twitter:label1\" content=\"Verfasst von\" \/>\n\t<meta name=\"twitter:data1\" content=\"Qendresa\" \/>\n\t<meta name=\"twitter:label2\" content=\"Gesch\u00e4tzte Lesezeit\" \/>\n\t<meta name=\"twitter:data2\" content=\"3 Minuten\" \/>\n<script type=\"application\/ld+json\" class=\"yoast-schema-graph\">{\"@context\":\"https:\\\/\\\/schema.org\",\"@graph\":[{\"@type\":\"Article\",\"@id\":\"https:\\\/\\\/lindemannlaw.ch\\\/de\\\/insights2\\\/wann-haftet-der-schweizer-verwaltungsrat\\\/#article\",\"isPartOf\":{\"@id\":\"https:\\\/\\\/lindemannlaw.ch\\\/de\\\/insights2\\\/wann-haftet-der-schweizer-verwaltungsrat\\\/\"},\"author\":{\"name\":\"Qendresa\",\"@id\":\"https:\\\/\\\/lindemannlaw.ch\\\/de\\\/#\\\/schema\\\/person\\\/15db2008eaa8c65e1820c91b6ba53c8d\"},\"headline\":\"Akademie f\u00fcr Verwaltungsr\u00e4te, Teil 1 &#8211; Wann haftet der Schweizer Verwaltungsrat?\",\"datePublished\":\"2022-04-28T08:40:34+00:00\",\"dateModified\":\"2023-11-02T15:44:18+00:00\",\"mainEntityOfPage\":{\"@id\":\"https:\\\/\\\/lindemannlaw.ch\\\/de\\\/insights2\\\/wann-haftet-der-schweizer-verwaltungsrat\\\/\"},\"wordCount\":616,\"commentCount\":0,\"publisher\":{\"@id\":\"https:\\\/\\\/lindemannlaw.ch\\\/de\\\/#organization\"},\"image\":{\"@id\":\"https:\\\/\\\/lindemannlaw.ch\\\/de\\\/insights2\\\/wann-haftet-der-schweizer-verwaltungsrat\\\/#primaryimage\"},\"thumbnailUrl\":\"https:\\\/\\\/lindemannlaw.ch\\\/wp-content\\\/uploads\\\/2021\\\/01\\\/LINDEMANNLAW-Directorships.jpg\",\"articleSection\":[\"Insights\"],\"inLanguage\":\"de-DE\",\"potentialAction\":[{\"@type\":\"CommentAction\",\"name\":\"Comment\",\"target\":[\"https:\\\/\\\/lindemannlaw.ch\\\/de\\\/insights2\\\/wann-haftet-der-schweizer-verwaltungsrat\\\/#respond\"]}]},{\"@type\":\"WebPage\",\"@id\":\"https:\\\/\\\/lindemannlaw.ch\\\/de\\\/insights2\\\/wann-haftet-der-schweizer-verwaltungsrat\\\/\",\"url\":\"https:\\\/\\\/lindemannlaw.ch\\\/de\\\/insights2\\\/wann-haftet-der-schweizer-verwaltungsrat\\\/\",\"name\":\"Akademie f\u00fcr Verwaltungsr\u00e4te, Teil 1 - Wann haftet der Schweizer Verwaltungsrat? | Lindemann Law\",\"isPartOf\":{\"@id\":\"https:\\\/\\\/lindemannlaw.ch\\\/de\\\/#website\"},\"primaryImageOfPage\":{\"@id\":\"https:\\\/\\\/lindemannlaw.ch\\\/de\\\/insights2\\\/wann-haftet-der-schweizer-verwaltungsrat\\\/#primaryimage\"},\"image\":{\"@id\":\"https:\\\/\\\/lindemannlaw.ch\\\/de\\\/insights2\\\/wann-haftet-der-schweizer-verwaltungsrat\\\/#primaryimage\"},\"thumbnailUrl\":\"https:\\\/\\\/lindemannlaw.ch\\\/wp-content\\\/uploads\\\/2021\\\/01\\\/LINDEMANNLAW-Directorships.jpg\",\"datePublished\":\"2022-04-28T08:40:34+00:00\",\"dateModified\":\"2023-11-02T15:44:18+00:00\",\"breadcrumb\":{\"@id\":\"https:\\\/\\\/lindemannlaw.ch\\\/de\\\/insights2\\\/wann-haftet-der-schweizer-verwaltungsrat\\\/#breadcrumb\"},\"inLanguage\":\"de-DE\",\"potentialAction\":[{\"@type\":\"ReadAction\",\"target\":[\"https:\\\/\\\/lindemannlaw.ch\\\/de\\\/insights2\\\/wann-haftet-der-schweizer-verwaltungsrat\\\/\"]}]},{\"@type\":\"ImageObject\",\"inLanguage\":\"de-DE\",\"@id\":\"https:\\\/\\\/lindemannlaw.ch\\\/de\\\/insights2\\\/wann-haftet-der-schweizer-verwaltungsrat\\\/#primaryimage\",\"url\":\"https:\\\/\\\/lindemannlaw.ch\\\/wp-content\\\/uploads\\\/2021\\\/01\\\/LINDEMANNLAW-Directorships.jpg\",\"contentUrl\":\"https:\\\/\\\/lindemannlaw.ch\\\/wp-content\\\/uploads\\\/2021\\\/01\\\/LINDEMANNLAW-Directorships.jpg\",\"width\":1800,\"height\":2501},{\"@type\":\"BreadcrumbList\",\"@id\":\"https:\\\/\\\/lindemannlaw.ch\\\/de\\\/insights2\\\/wann-haftet-der-schweizer-verwaltungsrat\\\/#breadcrumb\",\"itemListElement\":[{\"@type\":\"ListItem\",\"position\":1,\"name\":\"Home\",\"item\":\"https:\\\/\\\/lindemannlaw.ch\\\/de\\\/\"},{\"@type\":\"ListItem\",\"position\":2,\"name\":\"Insights\",\"item\":\"https:\\\/\\\/lindemannlaw.ch\\\/de\\\/category\\\/insights2\\\/\"},{\"@type\":\"ListItem\",\"position\":3,\"name\":\"Akademie f\u00fcr Verwaltungsr\u00e4te, Teil 1 &#8211; Wann haftet der Schweizer Verwaltungsrat?\"}]},{\"@type\":\"WebSite\",\"@id\":\"https:\\\/\\\/lindemannlaw.ch\\\/de\\\/#website\",\"url\":\"https:\\\/\\\/lindemannlaw.ch\\\/de\\\/\",\"name\":\"Lindemann Law\",\"description\":\"Asset Management legal services\",\"publisher\":{\"@id\":\"https:\\\/\\\/lindemannlaw.ch\\\/de\\\/#organization\"},\"potentialAction\":[{\"@type\":\"SearchAction\",\"target\":{\"@type\":\"EntryPoint\",\"urlTemplate\":\"https:\\\/\\\/lindemannlaw.ch\\\/de\\\/?s={search_term_string}\"},\"query-input\":{\"@type\":\"PropertyValueSpecification\",\"valueRequired\":true,\"valueName\":\"search_term_string\"}}],\"inLanguage\":\"de-DE\"},{\"@type\":\"Organization\",\"@id\":\"https:\\\/\\\/lindemannlaw.ch\\\/de\\\/#organization\",\"name\":\"Lindemann Law\",\"url\":\"https:\\\/\\\/lindemannlaw.ch\\\/de\\\/\",\"logo\":{\"@type\":\"ImageObject\",\"inLanguage\":\"de-DE\",\"@id\":\"https:\\\/\\\/lindemannlaw.ch\\\/de\\\/#\\\/schema\\\/logo\\\/image\\\/\",\"url\":\"https:\\\/\\\/lindemannlaw.ch\\\/wp-content\\\/uploads\\\/2021\\\/01\\\/logo-lindemannlaw_cropped.png\",\"contentUrl\":\"https:\\\/\\\/lindemannlaw.ch\\\/wp-content\\\/uploads\\\/2021\\\/01\\\/logo-lindemannlaw_cropped.png\",\"width\":150,\"height\":73,\"caption\":\"Lindemann Law\"},\"image\":{\"@id\":\"https:\\\/\\\/lindemannlaw.ch\\\/de\\\/#\\\/schema\\\/logo\\\/image\\\/\"},\"sameAs\":[\"https:\\\/\\\/x.com\\\/Lindemann_law\",\"https:\\\/\\\/www.linkedin.com\\\/company\\\/lindemannlaw\\\/\"]},{\"@type\":\"Person\",\"@id\":\"https:\\\/\\\/lindemannlaw.ch\\\/de\\\/#\\\/schema\\\/person\\\/15db2008eaa8c65e1820c91b6ba53c8d\",\"name\":\"Qendresa\",\"image\":{\"@type\":\"ImageObject\",\"inLanguage\":\"de-DE\",\"@id\":\"https:\\\/\\\/secure.gravatar.com\\\/avatar\\\/beb8451c48ac3f070fe0931152d7d8a41691a1e47eed4e68e78372020d4cfb90?s=96&d=mm&r=g\",\"url\":\"https:\\\/\\\/secure.gravatar.com\\\/avatar\\\/beb8451c48ac3f070fe0931152d7d8a41691a1e47eed4e68e78372020d4cfb90?s=96&d=mm&r=g\",\"contentUrl\":\"https:\\\/\\\/secure.gravatar.com\\\/avatar\\\/beb8451c48ac3f070fe0931152d7d8a41691a1e47eed4e68e78372020d4cfb90?s=96&d=mm&r=g\",\"caption\":\"Qendresa\"}}]}<\/script>\n<!-- \/ Yoast SEO Premium plugin. -->","yoast_head_json":{"title":"Akademie f\u00fcr Verwaltungsr\u00e4te, Teil 1 - Wann haftet der Schweizer Verwaltungsrat? | Lindemann Law","robots":{"index":"index","follow":"follow","max-snippet":"max-snippet:-1","max-image-preview":"max-image-preview:large","max-video-preview":"max-video-preview:-1"},"canonical":"https:\/\/lindemannlaw.ch\/de\/insights2\/wann-haftet-der-schweizer-verwaltungsrat\/","og_locale":"de_DE","og_type":"article","og_title":"Akademie f\u00fcr Verwaltungsr\u00e4te, Teil 1 - Wann haftet der Schweizer Verwaltungsrat?","og_description":"Der Verwaltungsrat in der Schweiz hat viele gesetzlich auferlegte Verantwortlichkeiten. Es gibt einige, die den juristischen K\u00f6rper der Aktiengesellschaft zu durchschlagen verm\u00f6gen und zu einer pers\u00f6nlichen Haftung f\u00fchren. Dr. Ariel Sergio Davidoff, Partner von LINDEMANNLAW, geht im Folgenden darauf ein. 1. Was sind die un\u00fcbertragbaren Aufgaben des VR (OR 716a)? Interessanterweise stellen wir in Gespr\u00e4chen [&hellip;]","og_url":"https:\/\/lindemannlaw.ch\/de\/insights2\/wann-haftet-der-schweizer-verwaltungsrat\/","og_site_name":"Lindemann Law","article_published_time":"2022-04-28T08:40:34+00:00","article_modified_time":"2023-11-02T15:44:18+00:00","og_image":[{"width":1800,"height":2501,"url":"https:\/\/lindemannlaw.ch\/wp-content\/uploads\/2021\/01\/LINDEMANNLAW-Directorships.jpg","type":"image\/jpeg"}],"author":"Qendresa","twitter_card":"summary_large_image","twitter_creator":"@Lindemann_law","twitter_site":"@Lindemann_law","twitter_misc":{"Verfasst von":"Qendresa","Gesch\u00e4tzte Lesezeit":"3 Minuten"},"schema":{"@context":"https:\/\/schema.org","@graph":[{"@type":"Article","@id":"https:\/\/lindemannlaw.ch\/de\/insights2\/wann-haftet-der-schweizer-verwaltungsrat\/#article","isPartOf":{"@id":"https:\/\/lindemannlaw.ch\/de\/insights2\/wann-haftet-der-schweizer-verwaltungsrat\/"},"author":{"name":"Qendresa","@id":"https:\/\/lindemannlaw.ch\/de\/#\/schema\/person\/15db2008eaa8c65e1820c91b6ba53c8d"},"headline":"Akademie f\u00fcr Verwaltungsr\u00e4te, Teil 1 &#8211; Wann haftet der Schweizer Verwaltungsrat?","datePublished":"2022-04-28T08:40:34+00:00","dateModified":"2023-11-02T15:44:18+00:00","mainEntityOfPage":{"@id":"https:\/\/lindemannlaw.ch\/de\/insights2\/wann-haftet-der-schweizer-verwaltungsrat\/"},"wordCount":616,"commentCount":0,"publisher":{"@id":"https:\/\/lindemannlaw.ch\/de\/#organization"},"image":{"@id":"https:\/\/lindemannlaw.ch\/de\/insights2\/wann-haftet-der-schweizer-verwaltungsrat\/#primaryimage"},"thumbnailUrl":"https:\/\/lindemannlaw.ch\/wp-content\/uploads\/2021\/01\/LINDEMANNLAW-Directorships.jpg","articleSection":["Insights"],"inLanguage":"de-DE","potentialAction":[{"@type":"CommentAction","name":"Comment","target":["https:\/\/lindemannlaw.ch\/de\/insights2\/wann-haftet-der-schweizer-verwaltungsrat\/#respond"]}]},{"@type":"WebPage","@id":"https:\/\/lindemannlaw.ch\/de\/insights2\/wann-haftet-der-schweizer-verwaltungsrat\/","url":"https:\/\/lindemannlaw.ch\/de\/insights2\/wann-haftet-der-schweizer-verwaltungsrat\/","name":"Akademie f\u00fcr Verwaltungsr\u00e4te, Teil 1 - Wann haftet der Schweizer Verwaltungsrat? | Lindemann Law","isPartOf":{"@id":"https:\/\/lindemannlaw.ch\/de\/#website"},"primaryImageOfPage":{"@id":"https:\/\/lindemannlaw.ch\/de\/insights2\/wann-haftet-der-schweizer-verwaltungsrat\/#primaryimage"},"image":{"@id":"https:\/\/lindemannlaw.ch\/de\/insights2\/wann-haftet-der-schweizer-verwaltungsrat\/#primaryimage"},"thumbnailUrl":"https:\/\/lindemannlaw.ch\/wp-content\/uploads\/2021\/01\/LINDEMANNLAW-Directorships.jpg","datePublished":"2022-04-28T08:40:34+00:00","dateModified":"2023-11-02T15:44:18+00:00","breadcrumb":{"@id":"https:\/\/lindemannlaw.ch\/de\/insights2\/wann-haftet-der-schweizer-verwaltungsrat\/#breadcrumb"},"inLanguage":"de-DE","potentialAction":[{"@type":"ReadAction","target":["https:\/\/lindemannlaw.ch\/de\/insights2\/wann-haftet-der-schweizer-verwaltungsrat\/"]}]},{"@type":"ImageObject","inLanguage":"de-DE","@id":"https:\/\/lindemannlaw.ch\/de\/insights2\/wann-haftet-der-schweizer-verwaltungsrat\/#primaryimage","url":"https:\/\/lindemannlaw.ch\/wp-content\/uploads\/2021\/01\/LINDEMANNLAW-Directorships.jpg","contentUrl":"https:\/\/lindemannlaw.ch\/wp-content\/uploads\/2021\/01\/LINDEMANNLAW-Directorships.jpg","width":1800,"height":2501},{"@type":"BreadcrumbList","@id":"https:\/\/lindemannlaw.ch\/de\/insights2\/wann-haftet-der-schweizer-verwaltungsrat\/#breadcrumb","itemListElement":[{"@type":"ListItem","position":1,"name":"Home","item":"https:\/\/lindemannlaw.ch\/de\/"},{"@type":"ListItem","position":2,"name":"Insights","item":"https:\/\/lindemannlaw.ch\/de\/category\/insights2\/"},{"@type":"ListItem","position":3,"name":"Akademie f\u00fcr Verwaltungsr\u00e4te, Teil 1 &#8211; Wann haftet der Schweizer Verwaltungsrat?"}]},{"@type":"WebSite","@id":"https:\/\/lindemannlaw.ch\/de\/#website","url":"https:\/\/lindemannlaw.ch\/de\/","name":"Lindemann Law","description":"Asset Management legal services","publisher":{"@id":"https:\/\/lindemannlaw.ch\/de\/#organization"},"potentialAction":[{"@type":"SearchAction","target":{"@type":"EntryPoint","urlTemplate":"https:\/\/lindemannlaw.ch\/de\/?s={search_term_string}"},"query-input":{"@type":"PropertyValueSpecification","valueRequired":true,"valueName":"search_term_string"}}],"inLanguage":"de-DE"},{"@type":"Organization","@id":"https:\/\/lindemannlaw.ch\/de\/#organization","name":"Lindemann Law","url":"https:\/\/lindemannlaw.ch\/de\/","logo":{"@type":"ImageObject","inLanguage":"de-DE","@id":"https:\/\/lindemannlaw.ch\/de\/#\/schema\/logo\/image\/","url":"https:\/\/lindemannlaw.ch\/wp-content\/uploads\/2021\/01\/logo-lindemannlaw_cropped.png","contentUrl":"https:\/\/lindemannlaw.ch\/wp-content\/uploads\/2021\/01\/logo-lindemannlaw_cropped.png","width":150,"height":73,"caption":"Lindemann Law"},"image":{"@id":"https:\/\/lindemannlaw.ch\/de\/#\/schema\/logo\/image\/"},"sameAs":["https:\/\/x.com\/Lindemann_law","https:\/\/www.linkedin.com\/company\/lindemannlaw\/"]},{"@type":"Person","@id":"https:\/\/lindemannlaw.ch\/de\/#\/schema\/person\/15db2008eaa8c65e1820c91b6ba53c8d","name":"Qendresa","image":{"@type":"ImageObject","inLanguage":"de-DE","@id":"https:\/\/secure.gravatar.com\/avatar\/beb8451c48ac3f070fe0931152d7d8a41691a1e47eed4e68e78372020d4cfb90?s=96&d=mm&r=g","url":"https:\/\/secure.gravatar.com\/avatar\/beb8451c48ac3f070fe0931152d7d8a41691a1e47eed4e68e78372020d4cfb90?s=96&d=mm&r=g","contentUrl":"https:\/\/secure.gravatar.com\/avatar\/beb8451c48ac3f070fe0931152d7d8a41691a1e47eed4e68e78372020d4cfb90?s=96&d=mm&r=g","caption":"Qendresa"}}]}},"_links":{"self":[{"href":"https:\/\/lindemannlaw.ch\/de\/wp-json\/wp\/v2\/posts\/8070","targetHints":{"allow":["GET"]}}],"collection":[{"href":"https:\/\/lindemannlaw.ch\/de\/wp-json\/wp\/v2\/posts"}],"about":[{"href":"https:\/\/lindemannlaw.ch\/de\/wp-json\/wp\/v2\/types\/post"}],"author":[{"embeddable":true,"href":"https:\/\/lindemannlaw.ch\/de\/wp-json\/wp\/v2\/users\/5"}],"replies":[{"embeddable":true,"href":"https:\/\/lindemannlaw.ch\/de\/wp-json\/wp\/v2\/comments?post=8070"}],"version-history":[{"count":0,"href":"https:\/\/lindemannlaw.ch\/de\/wp-json\/wp\/v2\/posts\/8070\/revisions"}],"wp:featuredmedia":[{"embeddable":true,"href":"https:\/\/lindemannlaw.ch\/de\/wp-json\/wp\/v2\/media\/3476"}],"wp:attachment":[{"href":"https:\/\/lindemannlaw.ch\/de\/wp-json\/wp\/v2\/media?parent=8070"}],"wp:term":[{"taxonomy":"category","embeddable":true,"href":"https:\/\/lindemannlaw.ch\/de\/wp-json\/wp\/v2\/categories?post=8070"},{"taxonomy":"post_tag","embeddable":true,"href":"https:\/\/lindemannlaw.ch\/de\/wp-json\/wp\/v2\/tags?post=8070"},{"taxonomy":"related_contact","embeddable":true,"href":"https:\/\/lindemannlaw.ch\/de\/wp-json\/wp\/v2\/related_contact?post=8070"},{"taxonomy":"expertise","embeddable":true,"href":"https:\/\/lindemannlaw.ch\/de\/wp-json\/wp\/v2\/expertise?post=8070"}],"curies":[{"name":"wp","href":"https:\/\/api.w.org\/{rel}","templated":true}]}}