{"id":20290,"date":"2024-12-18T11:12:26","date_gmt":"2024-12-18T10:12:26","guid":{"rendered":"https:\/\/lindemannlaw.ch\/?p=20290"},"modified":"2024-12-18T13:25:19","modified_gmt":"2024-12-18T12:25:19","slug":"laccord-bilateral-iii-redefinition-des-relations-entre-lue-et-la-suisse-dans-le-domaine-des-aides-detat","status":"publish","type":"post","link":"https:\/\/lindemannlaw.ch\/fr\/insights\/laccord-bilateral-iii-redefinition-des-relations-entre-lue-et-la-suisse-dans-le-domaine-des-aides-detat\/","title":{"rendered":"L&rsquo;accord bilat\u00e9ral III: Red\u00e9finition des relations entre l&rsquo;UE et la Suisse dans le domaine des aides d&rsquo;\u00c9tat"},"content":{"rendered":"<p>Les relations entre l&rsquo;Union europ\u00e9enne (UE) et la Suisse sont une pierre angulaire de l&rsquo;int\u00e9gration \u00e9conomique, politique et culturelle en Europe. En tant que voisins proches dont les \u00e9conomies sont profond\u00e9ment interconnect\u00e9es, les deux parties s&rsquo;appuient depuis longtemps sur des accords bilat\u00e9raux pour faciliter le commerce, la mobilit\u00e9 et la coop\u00e9ration dans divers secteurs. Avec la participation de la Suisse au march\u00e9 unique de l&rsquo;UE par le biais d&rsquo;accords cl\u00e9s, cette relation garantit la stabilit\u00e9 et la prosp\u00e9rit\u00e9 des deux parties.<\/p>\n<p>Toutefois, l&rsquo;\u00e9volution des d\u00e9fis mondiaux et des besoins r\u00e9glementaires, en particulier du c\u00f4t\u00e9 de l&rsquo;UE, a conduit \u00e0 des n\u00e9gociations en vue d&rsquo;un nouveau cadre pour moderniser leur partenariat. L&rsquo;accord bilat\u00e9ral III repr\u00e9sente un effort essentiel pour red\u00e9finir cette collaboration, en mettant l&rsquo;accent sur une concurrence \u00e9quitable, un alignement dynamique des r\u00e8gles et des avantages mutuels. Cet article explore les origines, l&rsquo;importance et les principales implications de l&rsquo;accord bilat\u00e9ral III, en mettant l&rsquo;accent sur la question complexe des aides d&rsquo;\u00c9tat.<\/p>\n<h4><strong>Quelle est l&rsquo;origine et la signification de l&rsquo;accord bilat\u00e9ral III?<\/strong><\/h4>\n<p>L&rsquo;accord bilat\u00e9ral III repr\u00e9sente une \u00e9tape cruciale dans la red\u00e9finition du partenariat entre l&rsquo;UE et la Suisse. Il a vu le jour \u00e0 la suite de la cl\u00f4ture des n\u00e9gociations sur l&rsquo;accord-cadre institutionnel en 2021, une d\u00e9cision qui a marqu\u00e9 un tournant important dans leurs relations bilat\u00e9rales. En r\u00e9ponse, les deux parties se sont engag\u00e9es sur la voie d&rsquo;une collaboration renouvel\u00e9e, ce qui a abouti \u00e0 la conclusion d&rsquo;un accord commun en 2023, qui a jet\u00e9 les bases des futures n\u00e9gociations. Sur cette base, la Suisse a adopt\u00e9 un mandat de n\u00e9gociation d\u00e9finitif en 2024, r\u00e9affirmant son engagement \u00e0 faire avancer les discussions.<\/p>\n<p>L&rsquo;accord bilat\u00e9ral III utilise une \u00ab\u00a0approche globale\u00a0\u00bb qui int\u00e8gre plusieurs domaines critiques de coop\u00e9ration. Il se concentre sur le renforcement de la participation de la Suisse au march\u00e9 unique de l&rsquo;UE et porte sur les secteurs cl\u00e9s suivants :<\/p>\n<p>\u2714 <strong>Nouveaux accords<\/strong>: Couvrant l&rsquo;\u00e9lectricit\u00e9, la s\u00e9curit\u00e9 alimentaire et la sant\u00e9, ces accords refl\u00e8tent les priorit\u00e9s mutuelles en mati\u00e8re de collaboration.<br \/>\n\u2714 <strong>Participation aux programmes de l&rsquo;UE<\/strong>: L&rsquo;engagement de la Suisse dans des domaines tels que la recherche, l&rsquo;innovation, l&rsquo;\u00e9ducation, la jeunesse, le sport, la culture et d&rsquo;autres initiatives favorise une int\u00e9gration plus profonde avec l&rsquo;UE.<br \/>\n\u2714 <strong>\u00c9l\u00e9ments institutionnels<\/strong>: Mise en place de m\u00e9canismes pour l&rsquo;adoption dynamique de la l\u00e9gislation de l&rsquo;UE, l&rsquo;interpr\u00e9tation uniforme des accords, le contr\u00f4le efficace et le r\u00e8glement des diff\u00e9rends.<br \/>\n\u2714 <strong>Dispositions relatives aux aides d&rsquo;\u00c9tat<\/strong>: Incorpor\u00e9es dans les accords sur le transport a\u00e9rien, le transport terrestre et le futur accord sur l&rsquo;\u00e9lectricit\u00e9, elles visent \u00e0 garantir une concurrence \u00e9quitable.<br \/>\n\u2714 <strong>Libre circulation des personnes<\/strong>: Les principes et les exemptions li\u00e9s \u00e0 l&rsquo;immigration et \u00e0 la protection des salaires sont abord\u00e9s dans le cadre d&rsquo;une approche \u00e9quilibr\u00e9e de la mobilit\u00e9.<br \/>\n\u2714 <strong>Stabilisation des contributions de la Suisse<\/strong>: Introduction d&rsquo;un m\u00e9canisme juridiquement contraignant pour garantir les contributions financi\u00e8res futures de la Suisse afin de r\u00e9duire les disparit\u00e9s \u00e9conomiques et sociales.<br \/>\n\u2714 <strong>Dialogue politique<\/strong>: Mettre en place les moyens de piloter l&rsquo;approche bilat\u00e9rale, en assurant un alignement et une adaptation continus <em>(Source: <a href=\"https:\/\/www.eda.admin.ch\/europa\/fr\/home\/bilateraler-weg\/weiterentwicklung-bilateraler-weg\/paketansatz.html\">DFAE<\/a>)<\/em>.<\/p>\n<p>Cette strat\u00e9gie de n\u00e9gociation bas\u00e9e sur un ensemble de mesures vise \u00e0 fournir un cadre \u00e9quilibr\u00e9 et modernis\u00e9 pour les relations entre l&rsquo;UE et la Suisse. Pour une chronologie et une analyse d\u00e9taill\u00e9es de l&rsquo;\u00e9volution des relations entre la Suisse et l&rsquo;UE, veuillez consulter <strong><a href=\"https:\/\/lindemannlaw.ch\/fr\/insights\/les-bilaterales-iii-expliquees-relocalisation-et-libre-circulation-des-personnes-entre-la-suisse-et-lue\/\">notre article pr\u00e9c\u00e9dent ici<\/a><\/strong>.<\/p>\n<h4><strong>Quelles sont les r\u00e8gles actuelles r\u00e9gissant les aides d&rsquo;\u00c9tat et comment s&rsquo;appliquent-elles aux entreprises europ\u00e9ennes et suisses?<br \/>\n<\/strong><\/h4>\n<p>Les cadres actuels en mati\u00e8re d&rsquo;aides d&rsquo;\u00c9tat dans l&rsquo;UE et en Suisse diff\u00e8rent consid\u00e9rablement, ce qui cr\u00e9e un paysage concurrentiel in\u00e9gal entre les entreprises op\u00e9rant dans ces juridictions.<\/p>\n<p><strong>Encadrement des aides d&rsquo;\u00c9tat de l&rsquo;UE<br \/>\n<\/strong>Dans l&rsquo;UE, les aides d&rsquo;\u00c9tat font l&rsquo;objet d&rsquo;une interdiction g\u00e9n\u00e9rale en vertu du droit de la concurrence afin de garantir des conditions de concurrence \u00e9quitables au sein du march\u00e9 unique. Il existe toutefois de nombreuses exceptions \u00e0 cette r\u00e8gle, qui autorisent les aides d&rsquo;\u00c9tat lorsqu&rsquo;elles servent l&rsquo;int\u00e9r\u00eat public. Par exemple, les subventions destin\u00e9es \u00e0 la protection de l&rsquo;environnement, \u00e0 la recherche et au d\u00e9veloppement ou au d\u00e9veloppement r\u00e9gional sont autoris\u00e9es. En outre, le syst\u00e8me de l&rsquo;UE est tr\u00e8s souple : plus de 80 % des aides d&rsquo;\u00c9tat sont automatiquement autoris\u00e9es dans le cadre de proc\u00e9dures simplifi\u00e9es. Cela permet aux entreprises de l&rsquo;UE d&rsquo;acc\u00e9der plus efficacement et plus fr\u00e9quemment aux financements publics.<\/p>\n<p><strong>Encadrement des aides d&rsquo;\u00c9tat en Suisse<br \/>\n<\/strong>En Suisse, il n&rsquo;existe pas de r\u00e9glementation globale en mati\u00e8re d&rsquo;aides d&rsquo;\u00c9tat comparable au cadre de l&rsquo;UE. Le seul secteur faisant l&rsquo;objet d&rsquo;une surveillance structur\u00e9e est celui des transports a\u00e9riens, o\u00f9 la Commission de la concurrence (COMCO) participe \u00e0 la formulation d&rsquo;avis avant l&rsquo;octroi d&rsquo;une aide d&rsquo;\u00c9tat. En dehors de ce secteur, l&rsquo;absence de r\u00e8gles formelles en mati\u00e8re d&rsquo;aides d&rsquo;\u00c9tat signifie que les entreprises suisses n&rsquo;ont pas le m\u00eame niveau d&rsquo;acc\u00e8s aux subventions gouvernementales que leurs homologues de l&rsquo;UE. Cela cr\u00e9e un d\u00e9savantage financier potentiel pour les entreprises suisses lorsqu&rsquo;elles sont en concurrence avec des entreprises de l&rsquo;UE qui peuvent b\u00e9n\u00e9ficier de financements publics.<\/p>\n<p><strong>Principales implications<br \/>\n<\/strong>Cette disparit\u00e9 dans les syst\u00e8mes d&rsquo;aides d&rsquo;\u00c9tat est une question cruciale dans les n\u00e9gociations bilat\u00e9rales III en cours. Les diff\u00e9rences sont particuli\u00e8rement prononc\u00e9es dans des secteurs tels que le transport a\u00e9rien, l&rsquo;\u00e9lectricit\u00e9 et le transport terrestre , o\u00f9 les entreprises sont en concurrence directe par-del\u00e0 les fronti\u00e8res. Il est essentiel de rem\u00e9dier \u00e0 ces diff\u00e9rences pour garantir des conditions de concurrence \u00e9quitables dans les relations \u00e9conomiques entre la Suisse et l&rsquo;UE.<\/p>\n<h4><strong>Quelle est la signification de l&rsquo;accord commun et du mandat de n\u00e9gociation d\u00e9finitif en ce qui concerne les aides d&rsquo;\u00c9tat?<\/strong><\/h4>\n<p>L&rsquo;accord commun (27 octobre 2023) et le mandat de n\u00e9gociation d\u00e9finitif (8 mars 2024) d\u00e9finissent le cadre de l&rsquo;harmonisation des r\u00e8gles en mati\u00e8re d&rsquo;aides d&rsquo;\u00c9tat dans le cadre des n\u00e9gociations de l&rsquo;accord bilat\u00e9ral III en cours entre l&rsquo;UE et la Suisse, afin de garantir des conditions de concurrence \u00e9quitables et d&rsquo;\u00e9viter les distorsions de concurrence.<\/p>\n<p>La compr\u00e9hension commune introduit un mod\u00e8le \u00e0 deux piliers dans lequel:<br \/>\n<span style=\"font-size: 16px;\">\u2714 Le droit suisse est appliqu\u00e9 par les tribunaux suisses, et<br \/>\n\u2714 <\/span>Le droit de l&rsquo;UE est appliqu\u00e9 par les tribunaux de l&rsquo;UE.<\/p>\n<p>En outre, un troisi\u00e8me pilier pr\u00e9voit la r\u00e9solution des litiges par une cour d&rsquo;arbitrage en cas de conflit, ce qui garantit un m\u00e9canisme neutre de r\u00e9solution des d\u00e9saccords.<\/p>\n<p>La Suisse mettra en place une autorit\u00e9 administrative ind\u00e9pendante charg\u00e9e de contr\u00f4ler les aides d&rsquo;\u00c9tat ex ante. Cette autorit\u00e9 examinera les mesures et contestera les aides non conformes devant les tribunaux suisses, qui devront rendre des d\u00e9cisions contraignantes. Les r\u00e8gles suisses en mati\u00e8re d&rsquo;aides d&rsquo;\u00c9tat devraient \u00eatre \u00e9quivalentes aux normes de l&rsquo;UE, en particulier dans des secteurs tels que le transport a\u00e9rien, le transport terrestre et l&rsquo;\u00e9lectricit\u00e9.<\/p>\n<p>Le mandat de n\u00e9gociation d\u00e9finitif renforce ces principes tout en garantissant la protection des int\u00e9r\u00eats publics suisses, tels que l&rsquo;aide en cas de catastrophe naturelle. Les tribunaux suisses veilleront au respect de ces principes, en conciliant l&rsquo;alignement sur les r\u00e8gles de l&rsquo;UE et la souverainet\u00e9.<\/p>\n<p>Ensemble, ces cadres permettent d&rsquo;aligner les r\u00e8gles suisses en mati\u00e8re d&rsquo;aides d&rsquo;\u00c9tat sur les pratiques de l&rsquo;UE tout en pr\u00e9servant l&rsquo;ind\u00e9pendance du pouvoir judiciaire. Ils visent \u00e0 favoriser la coop\u00e9ration \u00e9conomique, en garantissant l&rsquo;\u00e9quit\u00e9 dans des secteurs cruciaux pour les relations entre l&rsquo;UE et la Suisse.<\/p>\n<h4><strong>Quel est l&rsquo;\u00e9tat actuel des n\u00e9gociations et quels sont les changements attendus en mati\u00e8re d&rsquo;aides d&rsquo;\u00c9tat?<\/strong><\/h4>\n<p>Les discussions sur les aides d&rsquo;\u00c9tat se concentrent sur trois secteurs li\u00e9s \u00e0 l&rsquo;acc\u00e8s de la Suisse au march\u00e9 unique de l&rsquo;UE : l&rsquo;\u00e9lectricit\u00e9, le transport a\u00e9rien et le transport terrestre. L&rsquo;UE attend de la Suisse qu&rsquo;elle mette en place des m\u00e9canismes de contr\u00f4le des subventions dans ces secteurs, \u00e0 l&rsquo;instar du syst\u00e8me de l&rsquo;UE. Actuellement, la Suisse ne contr\u00f4le les aides d&rsquo;\u00c9tat dans le transport a\u00e9rien que par l&rsquo;interm\u00e9diaire de la Commission de la concurrence (COMCO).<\/p>\n<p><strong>Changements attendus:<\/strong><\/p>\n<ol>\n<li><strong>Mise en place d&rsquo;un organe de contr\u00f4le<\/strong>: la Suisse cr\u00e9era une autorit\u00e9 de contr\u00f4le des aides d&rsquo;\u00c9tat charg\u00e9e de:<br \/>\n\u2713 Garantir la transparence des subventions.<br \/>\n\u2713 Examiner et \u00e9mettre des avis sur les mesures d&rsquo;aide d&rsquo;\u00c9tat.<br \/>\n\u2713 Porter les cas de non-conformit\u00e9 devant les tribunaux suisses si n\u00e9cessaire.<\/li>\n<li><strong>Transparence accrue<\/strong>: Les autorit\u00e9s suisses seront tenues de d\u00e9clarer les subventions d\u00e9passant des seuils sp\u00e9cifiques ou celles qui ne sont pas couvertes par des dispositions d&rsquo;exemption.<\/li>\n<li><strong>Ajustements sectoriels<\/strong>: Les subventions existantes dans les secteurs de l&rsquo;\u00e9lectricit\u00e9 et du transport terrestre devront se conformer aux r\u00e8gles \u00e9quivalentes de l&rsquo;UE, bien que la plupart d&rsquo;entre elles devraient \u00eatre align\u00e9es. Les dispositions relatives aux services publics en Suisse, telles que les transports publics int\u00e9rieurs, ne seront pas affect\u00e9es car elles ne rel\u00e8vent pas du champ d&rsquo;application de l&rsquo;accord.<\/li>\n<li><strong>Projet de l\u00e9gislation en cours<\/strong>: L&rsquo;EAER pr\u00e9pare des projets de lois sur la supervision des aides d&rsquo;\u00c9tat, qui feront l&rsquo;objet d&rsquo;une consultation, afin d&rsquo;assurer la compatibilit\u00e9 avec les normes de l&rsquo;UE tout en tenant compte des int\u00e9r\u00eats de la Suisse.<\/li>\n<\/ol>\n<p>Ces changements visent \u00e0 cr\u00e9er des conditions de concurrence \u00e9quitables et \u00e0 int\u00e9grer davantage la Suisse dans le march\u00e9 int\u00e9rieur de l&rsquo;UE sans compromettre sa souverainet\u00e9.<\/p>\n<h4><strong>Quand le nouveau cadre juridique relatif aux aides d&rsquo;\u00c9tat devrait-il entrer en vigueur?<\/strong><\/h4>\n<p>Alors que nous approchons de la fin de l&rsquo;ann\u00e9e 2024, les n\u00e9gociations pour l&rsquo;accord bilat\u00e9ral III sont toujours en cours. Malgr\u00e9 des progr\u00e8s significatifs, des questions cl\u00e9s, telles que les aides d&rsquo;\u00c9tat et l&rsquo;immigration, restent en suspens. Le sc\u00e9nario le plus optimiste pour l&rsquo;ach\u00e8vement des n\u00e9gociations se situe en 2025.<\/p>\n<p>Compte tenu de la nature complexe de l&rsquo;accord et des processus d&rsquo;approbation requis, y compris d&rsquo;\u00e9ventuels r\u00e9f\u00e9rendums suisses, les Bilat\u00e9rales III en tant que paquet n&rsquo;entreront probablement pas en vigueur avant 2027. Ce d\u00e9lai permet de finaliser les n\u00e9gociations, de r\u00e9diger et de mettre en \u0153uvre la l\u00e9gislation n\u00e9cessaire et de garantir la ratification mutuelle.<\/p>\n<p>L&rsquo;accord bilat\u00e9ral III repr\u00e9sente une occasion unique de renforcer et de moderniser les relations entre l&rsquo;UE et la Suisse. En abordant des domaines critiques tels que les aides d&rsquo;\u00c9tat, l&rsquo;\u00e9lectricit\u00e9, le transport a\u00e9rien et le transport terrestre, l&rsquo;accord vise \u00e0 garantir une concurrence loyale, \u00e0 am\u00e9liorer la transparence et \u00e0 aligner les cadres r\u00e9glementaires. Cette approche globale souligne l&rsquo;engagement de l&rsquo;UE et de la Suisse \u00e0 promouvoir un partenariat stable et mutuellement b\u00e9n\u00e9fique.<\/p>\n<p>Si votre entreprise op\u00e8re dans l&rsquo;UE et en Suisse, la gestion de ces cadres \u00e9volutifs peut s&rsquo;av\u00e9rer complexe. Chez LINDEMANNLAW, nous sommes particuli\u00e8rement bien plac\u00e9s pour fournir un soutien juridique sur mesure, \u00e9tant admis au barreau dans les deux juridictions. <strong><a href=\"https:\/\/lindemannlaw.ch\/fr\/contact-us\/\">Contactez-nous<\/a><\/strong> d\u00e8s aujourd&rsquo;hui pour assurer votre conformit\u00e9 et tirer parti des opportunit\u00e9s offertes par ce paysage juridique dynamique.<\/p>\n","protected":false},"excerpt":{"rendered":"<p>Les relations entre l&rsquo;Union europ\u00e9enne (UE) et la Suisse sont une pierre angulaire de l&rsquo;int\u00e9gration \u00e9conomique, politique et culturelle en Europe. En tant que voisins proches dont les \u00e9conomies sont profond\u00e9ment interconnect\u00e9es, les deux parties s&rsquo;appuient depuis longtemps sur des accords bilat\u00e9raux pour faciliter le commerce, la mobilit\u00e9 et la coop\u00e9ration dans divers secteurs. Avec [&hellip;]<\/p>\n","protected":false},"author":19,"featured_media":20284,"comment_status":"closed","ping_status":"closed","sticky":false,"template":"","format":"standard","meta":{"_acf_changed":false,"_yoast_wpseo_focuskw":"Accord bilat\u00e9ral III","_yoast_wpseo_title":"","_yoast_wpseo_metadesc":"D\u00e9couvrez comment l'accord Bilat\u00e9ral III red\u00e9finit les relations UE-Suisse, r\u00e9glemente les aides d'\u00c9tat et favorise une concurrence \u00e9quitable.","site-sidebar-layout":"default","site-content-layout":"","ast-site-content-layout":"default","site-content-style":"default","site-sidebar-style":"default","ast-global-header-display":"","ast-banner-title-visibility":"","ast-main-header-display":"","ast-hfb-above-header-display":"","ast-hfb-below-header-display":"","ast-hfb-mobile-header-display":"","site-post-title":"","ast-breadcrumbs-content":"","ast-featured-img":"","footer-sml-layout":"","ast-disable-related-posts":"","theme-transparent-header-meta":"default","adv-header-id-meta":"","stick-header-meta":"","header-above-stick-meta":"","header-main-stick-meta":"","header-below-stick-meta":"","astra-migrate-meta-layouts":"set","ast-page-background-enabled":"default","ast-page-background-meta":{"desktop":{"background-color":"var(--ast-global-color-4)","background-image":"","background-repeat":"repeat","background-position":"center center","background-size":"auto","background-attachment":"scroll","background-type":"","background-media":"","overlay-type":"","overlay-color":"","overlay-opacity":"","overlay-gradient":""},"tablet":{"background-color":"","background-image":"","background-repeat":"repeat","background-position":"center center","background-size":"auto","background-attachment":"scroll","background-type":"","background-media":"","overlay-type":"","overlay-color":"","overlay-opacity":"","overlay-gradient":""},"mobile":{"background-color":"","background-image":"","background-repeat":"repeat","background-position":"center center","background-size":"auto","background-attachment":"scroll","background-type":"","background-media":"","overlay-type":"","overlay-color":"","overlay-opacity":"","overlay-gradient":""}},"ast-content-background-meta":{"desktop":{"background-color":"var(--ast-global-color-5)","background-image":"","background-repeat":"repeat","background-position":"center center","background-size":"auto","background-attachment":"scroll","background-type":"","background-media":"","overlay-type":"","overlay-color":"","overlay-opacity":"","overlay-gradient":""},"tablet":{"background-color":"var(--ast-global-color-5)","background-image":"","background-repeat":"repeat","background-position":"center center","background-size":"auto","background-attachment":"scroll","background-type":"","background-media":"","overlay-type":"","overlay-color":"","overlay-opacity":"","overlay-gradient":""},"mobile":{"background-color":"var(--ast-global-color-5)","background-image":"","background-repeat":"repeat","background-position":"center center","background-size":"auto","background-attachment":"scroll","background-type":"","background-media":"","overlay-type":"","overlay-color":"","overlay-opacity":"","overlay-gradient":""}},"footnotes":""},"categories":[60],"tags":[],"related_contact":[201,424,211],"expertise":[157,191,361],"class_list":["post-20290","post","type-post","status-publish","format-standard","has-post-thumbnail","hentry","category-insights"],"acf":[],"yoast_head":"<!-- This site is optimized with the Yoast SEO Premium plugin v27.4 (Yoast SEO v27.4) - https:\/\/yoast.com\/product\/yoast-seo-premium-wordpress\/ -->\n<title>L&#039;accord bilat\u00e9ral III: Red\u00e9finition des relations entre l&#039;UE et la Suisse dans le domaine des aides d&#039;\u00c9tat | Lindemann Law<\/title>\n<meta name=\"description\" content=\"D\u00e9couvrez comment l&#039;accord Bilat\u00e9ral III red\u00e9finit les relations UE-Suisse, r\u00e9glemente les aides d&#039;\u00c9tat et favorise une concurrence \u00e9quitable.\" \/>\n<meta name=\"robots\" content=\"index, follow, max-snippet:-1, max-image-preview:large, max-video-preview:-1\" \/>\n<link rel=\"canonical\" href=\"https:\/\/lindemannlaw.ch\/fr\/insights\/laccord-bilateral-iii-redefinition-des-relations-entre-lue-et-la-suisse-dans-le-domaine-des-aides-detat\/\" \/>\n<meta property=\"og:locale\" content=\"fr_FR\" \/>\n<meta property=\"og:type\" content=\"article\" \/>\n<meta property=\"og:title\" content=\"L&#039;accord bilat\u00e9ral III: Red\u00e9finition des relations entre l&#039;UE et la Suisse dans le domaine des aides d&#039;\u00c9tat\" \/>\n<meta property=\"og:description\" content=\"D\u00e9couvrez comment l&#039;accord Bilat\u00e9ral III red\u00e9finit les relations UE-Suisse, r\u00e9glemente les aides d&#039;\u00c9tat et favorise une concurrence \u00e9quitable.\" \/>\n<meta property=\"og:url\" content=\"https:\/\/lindemannlaw.ch\/fr\/insights\/laccord-bilateral-iii-redefinition-des-relations-entre-lue-et-la-suisse-dans-le-domaine-des-aides-detat\/\" \/>\n<meta property=\"og:site_name\" content=\"Lindemann Law\" \/>\n<meta property=\"article:published_time\" content=\"2024-12-18T10:12:26+00:00\" \/>\n<meta property=\"article:modified_time\" content=\"2024-12-18T12:25:19+00:00\" \/>\n<meta property=\"og:image\" content=\"https:\/\/lindemannlaw.ch\/wp-content\/uploads\/2024\/12\/state-aid-2.webp\" \/>\n\t<meta property=\"og:image:width\" content=\"1600\" \/>\n\t<meta property=\"og:image:height\" content=\"900\" \/>\n\t<meta property=\"og:image:type\" content=\"image\/webp\" \/>\n<meta name=\"author\" content=\"LINDEMANN\" \/>\n<meta name=\"twitter:card\" content=\"summary_large_image\" \/>\n<meta name=\"twitter:creator\" content=\"@Lindemann_law\" \/>\n<meta name=\"twitter:site\" content=\"@Lindemann_law\" \/>\n<meta name=\"twitter:label1\" content=\"\u00c9crit par\" \/>\n\t<meta name=\"twitter:data1\" content=\"LINDEMANN\" \/>\n\t<meta name=\"twitter:label2\" content=\"Dur\u00e9e de lecture estim\u00e9e\" \/>\n\t<meta name=\"twitter:data2\" content=\"8 minutes\" \/>\n<script type=\"application\/ld+json\" class=\"yoast-schema-graph\">{\"@context\":\"https:\\\/\\\/schema.org\",\"@graph\":[{\"@type\":\"Article\",\"@id\":\"https:\\\/\\\/lindemannlaw.ch\\\/fr\\\/insights\\\/laccord-bilateral-iii-redefinition-des-relations-entre-lue-et-la-suisse-dans-le-domaine-des-aides-detat\\\/#article\",\"isPartOf\":{\"@id\":\"https:\\\/\\\/lindemannlaw.ch\\\/fr\\\/insights\\\/laccord-bilateral-iii-redefinition-des-relations-entre-lue-et-la-suisse-dans-le-domaine-des-aides-detat\\\/\"},\"author\":{\"name\":\"LINDEMANN\",\"@id\":\"https:\\\/\\\/lindemannlaw.ch\\\/fr\\\/#\\\/schema\\\/person\\\/13c7262ec98b677ee605680c32d9e377\"},\"headline\":\"L&rsquo;accord bilat\u00e9ral III: Red\u00e9finition des relations entre l&rsquo;UE et la Suisse dans le domaine des aides d&rsquo;\u00c9tat\",\"datePublished\":\"2024-12-18T10:12:26+00:00\",\"dateModified\":\"2024-12-18T12:25:19+00:00\",\"mainEntityOfPage\":{\"@id\":\"https:\\\/\\\/lindemannlaw.ch\\\/fr\\\/insights\\\/laccord-bilateral-iii-redefinition-des-relations-entre-lue-et-la-suisse-dans-le-domaine-des-aides-detat\\\/\"},\"wordCount\":2079,\"publisher\":{\"@id\":\"https:\\\/\\\/lindemannlaw.ch\\\/fr\\\/#organization\"},\"image\":{\"@id\":\"https:\\\/\\\/lindemannlaw.ch\\\/fr\\\/insights\\\/laccord-bilateral-iii-redefinition-des-relations-entre-lue-et-la-suisse-dans-le-domaine-des-aides-detat\\\/#primaryimage\"},\"thumbnailUrl\":\"https:\\\/\\\/lindemannlaw.ch\\\/wp-content\\\/uploads\\\/2024\\\/12\\\/state-aid-2.webp\",\"articleSection\":[\"Informations\"],\"inLanguage\":\"fr-FR\"},{\"@type\":\"WebPage\",\"@id\":\"https:\\\/\\\/lindemannlaw.ch\\\/fr\\\/insights\\\/laccord-bilateral-iii-redefinition-des-relations-entre-lue-et-la-suisse-dans-le-domaine-des-aides-detat\\\/\",\"url\":\"https:\\\/\\\/lindemannlaw.ch\\\/fr\\\/insights\\\/laccord-bilateral-iii-redefinition-des-relations-entre-lue-et-la-suisse-dans-le-domaine-des-aides-detat\\\/\",\"name\":\"L'accord bilat\u00e9ral III: Red\u00e9finition des relations entre l'UE et la Suisse dans le domaine des aides d'\u00c9tat | Lindemann Law\",\"isPartOf\":{\"@id\":\"https:\\\/\\\/lindemannlaw.ch\\\/fr\\\/#website\"},\"primaryImageOfPage\":{\"@id\":\"https:\\\/\\\/lindemannlaw.ch\\\/fr\\\/insights\\\/laccord-bilateral-iii-redefinition-des-relations-entre-lue-et-la-suisse-dans-le-domaine-des-aides-detat\\\/#primaryimage\"},\"image\":{\"@id\":\"https:\\\/\\\/lindemannlaw.ch\\\/fr\\\/insights\\\/laccord-bilateral-iii-redefinition-des-relations-entre-lue-et-la-suisse-dans-le-domaine-des-aides-detat\\\/#primaryimage\"},\"thumbnailUrl\":\"https:\\\/\\\/lindemannlaw.ch\\\/wp-content\\\/uploads\\\/2024\\\/12\\\/state-aid-2.webp\",\"datePublished\":\"2024-12-18T10:12:26+00:00\",\"dateModified\":\"2024-12-18T12:25:19+00:00\",\"description\":\"D\u00e9couvrez comment l'accord Bilat\u00e9ral III red\u00e9finit les relations UE-Suisse, r\u00e9glemente les aides d'\u00c9tat et favorise une concurrence \u00e9quitable.\",\"breadcrumb\":{\"@id\":\"https:\\\/\\\/lindemannlaw.ch\\\/fr\\\/insights\\\/laccord-bilateral-iii-redefinition-des-relations-entre-lue-et-la-suisse-dans-le-domaine-des-aides-detat\\\/#breadcrumb\"},\"inLanguage\":\"fr-FR\",\"potentialAction\":[{\"@type\":\"ReadAction\",\"target\":[\"https:\\\/\\\/lindemannlaw.ch\\\/fr\\\/insights\\\/laccord-bilateral-iii-redefinition-des-relations-entre-lue-et-la-suisse-dans-le-domaine-des-aides-detat\\\/\"]}]},{\"@type\":\"ImageObject\",\"inLanguage\":\"fr-FR\",\"@id\":\"https:\\\/\\\/lindemannlaw.ch\\\/fr\\\/insights\\\/laccord-bilateral-iii-redefinition-des-relations-entre-lue-et-la-suisse-dans-le-domaine-des-aides-detat\\\/#primaryimage\",\"url\":\"https:\\\/\\\/lindemannlaw.ch\\\/wp-content\\\/uploads\\\/2024\\\/12\\\/state-aid-2.webp\",\"contentUrl\":\"https:\\\/\\\/lindemannlaw.ch\\\/wp-content\\\/uploads\\\/2024\\\/12\\\/state-aid-2.webp\",\"width\":1600,\"height\":900,\"caption\":\"Bilateral III Agreement\"},{\"@type\":\"BreadcrumbList\",\"@id\":\"https:\\\/\\\/lindemannlaw.ch\\\/fr\\\/insights\\\/laccord-bilateral-iii-redefinition-des-relations-entre-lue-et-la-suisse-dans-le-domaine-des-aides-detat\\\/#breadcrumb\",\"itemListElement\":[{\"@type\":\"ListItem\",\"position\":1,\"name\":\"Home\",\"item\":\"https:\\\/\\\/lindemannlaw.ch\\\/fr\\\/\"},{\"@type\":\"ListItem\",\"position\":2,\"name\":\"Informations\",\"item\":\"https:\\\/\\\/lindemannlaw.ch\\\/fr\\\/category\\\/insights\\\/\"},{\"@type\":\"ListItem\",\"position\":3,\"name\":\"L&#8217;accord bilat\u00e9ral III: Red\u00e9finition des relations entre l&#8217;UE et la Suisse dans le domaine des aides d&#8217;\u00c9tat\"}]},{\"@type\":\"WebSite\",\"@id\":\"https:\\\/\\\/lindemannlaw.ch\\\/fr\\\/#website\",\"url\":\"https:\\\/\\\/lindemannlaw.ch\\\/fr\\\/\",\"name\":\"Lindemann Law\",\"description\":\"Asset Management legal services\",\"publisher\":{\"@id\":\"https:\\\/\\\/lindemannlaw.ch\\\/fr\\\/#organization\"},\"potentialAction\":[{\"@type\":\"SearchAction\",\"target\":{\"@type\":\"EntryPoint\",\"urlTemplate\":\"https:\\\/\\\/lindemannlaw.ch\\\/fr\\\/?s={search_term_string}\"},\"query-input\":{\"@type\":\"PropertyValueSpecification\",\"valueRequired\":true,\"valueName\":\"search_term_string\"}}],\"inLanguage\":\"fr-FR\"},{\"@type\":\"Organization\",\"@id\":\"https:\\\/\\\/lindemannlaw.ch\\\/fr\\\/#organization\",\"name\":\"Lindemann Law\",\"url\":\"https:\\\/\\\/lindemannlaw.ch\\\/fr\\\/\",\"logo\":{\"@type\":\"ImageObject\",\"inLanguage\":\"fr-FR\",\"@id\":\"https:\\\/\\\/lindemannlaw.ch\\\/fr\\\/#\\\/schema\\\/logo\\\/image\\\/\",\"url\":\"https:\\\/\\\/lindemannlaw.ch\\\/wp-content\\\/uploads\\\/2021\\\/01\\\/logo-lindemannlaw_cropped.png\",\"contentUrl\":\"https:\\\/\\\/lindemannlaw.ch\\\/wp-content\\\/uploads\\\/2021\\\/01\\\/logo-lindemannlaw_cropped.png\",\"width\":150,\"height\":73,\"caption\":\"Lindemann Law\"},\"image\":{\"@id\":\"https:\\\/\\\/lindemannlaw.ch\\\/fr\\\/#\\\/schema\\\/logo\\\/image\\\/\"},\"sameAs\":[\"https:\\\/\\\/x.com\\\/Lindemann_law\",\"https:\\\/\\\/www.linkedin.com\\\/company\\\/lindemannlaw\\\/\"]},{\"@type\":\"Person\",\"@id\":\"https:\\\/\\\/lindemannlaw.ch\\\/fr\\\/#\\\/schema\\\/person\\\/13c7262ec98b677ee605680c32d9e377\",\"name\":\"LINDEMANN\",\"image\":{\"@type\":\"ImageObject\",\"inLanguage\":\"fr-FR\",\"@id\":\"https:\\\/\\\/secure.gravatar.com\\\/avatar\\\/aabce4a6c345deffaa07d68e9dca61e186138cb2a1d9602ba8135cbee6dd9ef2?s=96&d=mm&r=g\",\"url\":\"https:\\\/\\\/secure.gravatar.com\\\/avatar\\\/aabce4a6c345deffaa07d68e9dca61e186138cb2a1d9602ba8135cbee6dd9ef2?s=96&d=mm&r=g\",\"contentUrl\":\"https:\\\/\\\/secure.gravatar.com\\\/avatar\\\/aabce4a6c345deffaa07d68e9dca61e186138cb2a1d9602ba8135cbee6dd9ef2?s=96&d=mm&r=g\",\"caption\":\"LINDEMANN\"}}]}<\/script>\n<!-- \/ Yoast SEO Premium plugin. -->","yoast_head_json":{"title":"L'accord bilat\u00e9ral III: Red\u00e9finition des relations entre l'UE et la Suisse dans le domaine des aides d'\u00c9tat | Lindemann Law","description":"D\u00e9couvrez comment l'accord Bilat\u00e9ral III red\u00e9finit les relations UE-Suisse, r\u00e9glemente les aides d'\u00c9tat et favorise une concurrence \u00e9quitable.","robots":{"index":"index","follow":"follow","max-snippet":"max-snippet:-1","max-image-preview":"max-image-preview:large","max-video-preview":"max-video-preview:-1"},"canonical":"https:\/\/lindemannlaw.ch\/fr\/insights\/laccord-bilateral-iii-redefinition-des-relations-entre-lue-et-la-suisse-dans-le-domaine-des-aides-detat\/","og_locale":"fr_FR","og_type":"article","og_title":"L'accord bilat\u00e9ral III: Red\u00e9finition des relations entre l'UE et la Suisse dans le domaine des aides d'\u00c9tat","og_description":"D\u00e9couvrez comment l'accord Bilat\u00e9ral III red\u00e9finit les relations UE-Suisse, r\u00e9glemente les aides d'\u00c9tat et favorise une concurrence \u00e9quitable.","og_url":"https:\/\/lindemannlaw.ch\/fr\/insights\/laccord-bilateral-iii-redefinition-des-relations-entre-lue-et-la-suisse-dans-le-domaine-des-aides-detat\/","og_site_name":"Lindemann Law","article_published_time":"2024-12-18T10:12:26+00:00","article_modified_time":"2024-12-18T12:25:19+00:00","og_image":[{"width":1600,"height":900,"url":"https:\/\/lindemannlaw.ch\/wp-content\/uploads\/2024\/12\/state-aid-2.webp","type":"image\/webp"}],"author":"LINDEMANN","twitter_card":"summary_large_image","twitter_creator":"@Lindemann_law","twitter_site":"@Lindemann_law","twitter_misc":{"\u00c9crit par":"LINDEMANN","Dur\u00e9e de lecture estim\u00e9e":"8 minutes"},"schema":{"@context":"https:\/\/schema.org","@graph":[{"@type":"Article","@id":"https:\/\/lindemannlaw.ch\/fr\/insights\/laccord-bilateral-iii-redefinition-des-relations-entre-lue-et-la-suisse-dans-le-domaine-des-aides-detat\/#article","isPartOf":{"@id":"https:\/\/lindemannlaw.ch\/fr\/insights\/laccord-bilateral-iii-redefinition-des-relations-entre-lue-et-la-suisse-dans-le-domaine-des-aides-detat\/"},"author":{"name":"LINDEMANN","@id":"https:\/\/lindemannlaw.ch\/fr\/#\/schema\/person\/13c7262ec98b677ee605680c32d9e377"},"headline":"L&rsquo;accord bilat\u00e9ral III: Red\u00e9finition des relations entre l&rsquo;UE et la Suisse dans le domaine des aides d&rsquo;\u00c9tat","datePublished":"2024-12-18T10:12:26+00:00","dateModified":"2024-12-18T12:25:19+00:00","mainEntityOfPage":{"@id":"https:\/\/lindemannlaw.ch\/fr\/insights\/laccord-bilateral-iii-redefinition-des-relations-entre-lue-et-la-suisse-dans-le-domaine-des-aides-detat\/"},"wordCount":2079,"publisher":{"@id":"https:\/\/lindemannlaw.ch\/fr\/#organization"},"image":{"@id":"https:\/\/lindemannlaw.ch\/fr\/insights\/laccord-bilateral-iii-redefinition-des-relations-entre-lue-et-la-suisse-dans-le-domaine-des-aides-detat\/#primaryimage"},"thumbnailUrl":"https:\/\/lindemannlaw.ch\/wp-content\/uploads\/2024\/12\/state-aid-2.webp","articleSection":["Informations"],"inLanguage":"fr-FR"},{"@type":"WebPage","@id":"https:\/\/lindemannlaw.ch\/fr\/insights\/laccord-bilateral-iii-redefinition-des-relations-entre-lue-et-la-suisse-dans-le-domaine-des-aides-detat\/","url":"https:\/\/lindemannlaw.ch\/fr\/insights\/laccord-bilateral-iii-redefinition-des-relations-entre-lue-et-la-suisse-dans-le-domaine-des-aides-detat\/","name":"L'accord bilat\u00e9ral III: Red\u00e9finition des relations entre l'UE et la Suisse dans le domaine des aides d'\u00c9tat | Lindemann Law","isPartOf":{"@id":"https:\/\/lindemannlaw.ch\/fr\/#website"},"primaryImageOfPage":{"@id":"https:\/\/lindemannlaw.ch\/fr\/insights\/laccord-bilateral-iii-redefinition-des-relations-entre-lue-et-la-suisse-dans-le-domaine-des-aides-detat\/#primaryimage"},"image":{"@id":"https:\/\/lindemannlaw.ch\/fr\/insights\/laccord-bilateral-iii-redefinition-des-relations-entre-lue-et-la-suisse-dans-le-domaine-des-aides-detat\/#primaryimage"},"thumbnailUrl":"https:\/\/lindemannlaw.ch\/wp-content\/uploads\/2024\/12\/state-aid-2.webp","datePublished":"2024-12-18T10:12:26+00:00","dateModified":"2024-12-18T12:25:19+00:00","description":"D\u00e9couvrez comment l'accord Bilat\u00e9ral III red\u00e9finit les relations UE-Suisse, r\u00e9glemente les aides d'\u00c9tat et favorise une concurrence \u00e9quitable.","breadcrumb":{"@id":"https:\/\/lindemannlaw.ch\/fr\/insights\/laccord-bilateral-iii-redefinition-des-relations-entre-lue-et-la-suisse-dans-le-domaine-des-aides-detat\/#breadcrumb"},"inLanguage":"fr-FR","potentialAction":[{"@type":"ReadAction","target":["https:\/\/lindemannlaw.ch\/fr\/insights\/laccord-bilateral-iii-redefinition-des-relations-entre-lue-et-la-suisse-dans-le-domaine-des-aides-detat\/"]}]},{"@type":"ImageObject","inLanguage":"fr-FR","@id":"https:\/\/lindemannlaw.ch\/fr\/insights\/laccord-bilateral-iii-redefinition-des-relations-entre-lue-et-la-suisse-dans-le-domaine-des-aides-detat\/#primaryimage","url":"https:\/\/lindemannlaw.ch\/wp-content\/uploads\/2024\/12\/state-aid-2.webp","contentUrl":"https:\/\/lindemannlaw.ch\/wp-content\/uploads\/2024\/12\/state-aid-2.webp","width":1600,"height":900,"caption":"Bilateral III Agreement"},{"@type":"BreadcrumbList","@id":"https:\/\/lindemannlaw.ch\/fr\/insights\/laccord-bilateral-iii-redefinition-des-relations-entre-lue-et-la-suisse-dans-le-domaine-des-aides-detat\/#breadcrumb","itemListElement":[{"@type":"ListItem","position":1,"name":"Home","item":"https:\/\/lindemannlaw.ch\/fr\/"},{"@type":"ListItem","position":2,"name":"Informations","item":"https:\/\/lindemannlaw.ch\/fr\/category\/insights\/"},{"@type":"ListItem","position":3,"name":"L&#8217;accord bilat\u00e9ral III: Red\u00e9finition des relations entre l&#8217;UE et la Suisse dans le domaine des aides d&#8217;\u00c9tat"}]},{"@type":"WebSite","@id":"https:\/\/lindemannlaw.ch\/fr\/#website","url":"https:\/\/lindemannlaw.ch\/fr\/","name":"Lindemann Law","description":"Asset Management legal services","publisher":{"@id":"https:\/\/lindemannlaw.ch\/fr\/#organization"},"potentialAction":[{"@type":"SearchAction","target":{"@type":"EntryPoint","urlTemplate":"https:\/\/lindemannlaw.ch\/fr\/?s={search_term_string}"},"query-input":{"@type":"PropertyValueSpecification","valueRequired":true,"valueName":"search_term_string"}}],"inLanguage":"fr-FR"},{"@type":"Organization","@id":"https:\/\/lindemannlaw.ch\/fr\/#organization","name":"Lindemann Law","url":"https:\/\/lindemannlaw.ch\/fr\/","logo":{"@type":"ImageObject","inLanguage":"fr-FR","@id":"https:\/\/lindemannlaw.ch\/fr\/#\/schema\/logo\/image\/","url":"https:\/\/lindemannlaw.ch\/wp-content\/uploads\/2021\/01\/logo-lindemannlaw_cropped.png","contentUrl":"https:\/\/lindemannlaw.ch\/wp-content\/uploads\/2021\/01\/logo-lindemannlaw_cropped.png","width":150,"height":73,"caption":"Lindemann Law"},"image":{"@id":"https:\/\/lindemannlaw.ch\/fr\/#\/schema\/logo\/image\/"},"sameAs":["https:\/\/x.com\/Lindemann_law","https:\/\/www.linkedin.com\/company\/lindemannlaw\/"]},{"@type":"Person","@id":"https:\/\/lindemannlaw.ch\/fr\/#\/schema\/person\/13c7262ec98b677ee605680c32d9e377","name":"LINDEMANN","image":{"@type":"ImageObject","inLanguage":"fr-FR","@id":"https:\/\/secure.gravatar.com\/avatar\/aabce4a6c345deffaa07d68e9dca61e186138cb2a1d9602ba8135cbee6dd9ef2?s=96&d=mm&r=g","url":"https:\/\/secure.gravatar.com\/avatar\/aabce4a6c345deffaa07d68e9dca61e186138cb2a1d9602ba8135cbee6dd9ef2?s=96&d=mm&r=g","contentUrl":"https:\/\/secure.gravatar.com\/avatar\/aabce4a6c345deffaa07d68e9dca61e186138cb2a1d9602ba8135cbee6dd9ef2?s=96&d=mm&r=g","caption":"LINDEMANN"}}]}},"_links":{"self":[{"href":"https:\/\/lindemannlaw.ch\/fr\/wp-json\/wp\/v2\/posts\/20290","targetHints":{"allow":["GET"]}}],"collection":[{"href":"https:\/\/lindemannlaw.ch\/fr\/wp-json\/wp\/v2\/posts"}],"about":[{"href":"https:\/\/lindemannlaw.ch\/fr\/wp-json\/wp\/v2\/types\/post"}],"author":[{"embeddable":true,"href":"https:\/\/lindemannlaw.ch\/fr\/wp-json\/wp\/v2\/users\/19"}],"replies":[{"embeddable":true,"href":"https:\/\/lindemannlaw.ch\/fr\/wp-json\/wp\/v2\/comments?post=20290"}],"version-history":[{"count":0,"href":"https:\/\/lindemannlaw.ch\/fr\/wp-json\/wp\/v2\/posts\/20290\/revisions"}],"wp:featuredmedia":[{"embeddable":true,"href":"https:\/\/lindemannlaw.ch\/fr\/wp-json\/wp\/v2\/media\/20284"}],"wp:attachment":[{"href":"https:\/\/lindemannlaw.ch\/fr\/wp-json\/wp\/v2\/media?parent=20290"}],"wp:term":[{"taxonomy":"category","embeddable":true,"href":"https:\/\/lindemannlaw.ch\/fr\/wp-json\/wp\/v2\/categories?post=20290"},{"taxonomy":"post_tag","embeddable":true,"href":"https:\/\/lindemannlaw.ch\/fr\/wp-json\/wp\/v2\/tags?post=20290"},{"taxonomy":"related_contact","embeddable":true,"href":"https:\/\/lindemannlaw.ch\/fr\/wp-json\/wp\/v2\/related_contact?post=20290"},{"taxonomy":"expertise","embeddable":true,"href":"https:\/\/lindemannlaw.ch\/fr\/wp-json\/wp\/v2\/expertise?post=20290"}],"curies":[{"name":"wp","href":"https:\/\/api.w.org\/{rel}","templated":true}]}}