{"id":26638,"date":"2026-09-02T14:30:53","date_gmt":"2026-09-02T13:30:53","guid":{"rendered":"https:\/\/lindemannlaw.ch\/?p=26638"},"modified":"2026-09-02T15:04:16","modified_gmt":"2026-09-02T14:04:16","slug":"permis-de-construire-suisse-moins-de-regles-plus-de-logements","status":"publish","type":"post","link":"https:\/\/lindemannlaw.ch\/fr\/insights\/permis-de-construire-suisse-moins-de-regles-plus-de-logements\/","title":{"rendered":"Proc\u00e9dures de permis de construire en Suisse : pourquoi moins de r\u00e8gles signifient plus de logements"},"content":{"rendered":"<p>Il y a plus d&rsquo;une d\u00e9cennie, le Secr\u00e9tariat d&rsquo;\u00c9tat \u00e0 l&rsquo;\u00e9conomie (SECO) chiffrait les seuls co\u00fbts de la r\u00e9glementation dans le b\u00e2timent \u00e0 quelque 1,6 milliard de francs par an, soit pr\u00e8s de 6 % du volume de construction<a href=\"#_ftn1\" name=\"_ftnref1\">[1]<\/a>, et la densit\u00e9 r\u00e9glementaire n&rsquo;a cess\u00e9 de cro\u00eetre depuis. Un r\u00e9flexe commode s&rsquo;est pourtant impos\u00e9 : Berne devrait r\u00e9soudre le probl\u00e8me, et des proc\u00e9dures plus rapides suffiraient. Ces deux postulats sont trop courts. Qui lit le rapport du Conseil f\u00e9d\u00e9ral du 2 avril 2026 sur l&rsquo;acc\u00e9l\u00e9ration des proc\u00e9dures en droit de l&rsquo;am\u00e9nagement du territoire et de la construction<a href=\"#_ftn2\" name=\"_ftnref2\">[2]<\/a> le constate : sur le plan constitutionnel, la Conf\u00e9d\u00e9ration ne peut apporter qu&rsquo;une partie de la solution et, m\u00eame l\u00e0 o\u00f9 elle est comp\u00e9tente, la seule acc\u00e9l\u00e9ration ne s&rsquo;attaque gu\u00e8re \u00e0 la cause profonde.<\/p>\n<ol>\n<li>\n<h2>Qui est comp\u00e9tent en Suisse pour les proc\u00e9dures de permis de construire et le droit de la construction ?<\/h2>\n<\/li>\n<\/ol>\n<p>En vertu de l&rsquo;article 75 alin\u00e9a 1 de la Constitution f\u00e9d\u00e9rale (Cst.), la Conf\u00e9d\u00e9ration fixe les principes applicables \u00e0 l&rsquo;am\u00e9nagement du territoire. La mise en \u0153uvre incombe aux cantons, et le droit de la construction rel\u00e8ve pour l&rsquo;essentiel de la comp\u00e9tence cantonale. La Conf\u00e9d\u00e9ration r\u00e8gle ce qui est d&rsquo;importance nationale et doit laisser aux cantons la plus grande latitude possible dans l&rsquo;ex\u00e9cution, comme l&rsquo;exigent leur souverainet\u00e9 proc\u00e9durale et leur autonomie d&rsquo;organisation (article 46 alin\u00e9a 3 et article 47 Cst.).<a href=\"#_ftn3\" name=\"_ftnref3\">[3]<\/a> Toute mesure d&rsquo;acc\u00e9l\u00e9ration des proc\u00e9dures doit se mesurer \u00e0 cette r\u00e9partition des comp\u00e9tences.<\/p>\n<ol start=\"2\">\n<li>\n<h2>Quelles mesures d&rsquo;acc\u00e9l\u00e9ration le Conseil f\u00e9d\u00e9ral a-t-il examin\u00e9es, et pourquoi en rejette-t-il la plupart ?<\/h2>\n<\/li>\n<\/ol>\n<p>Le rapport du Conseil f\u00e9d\u00e9ral examine soigneusement les propositions les plus \u00e9videntes, de la mise des frais \u00e0 la charge des opposants d\u00e9bout\u00e9s \u00e0 l&rsquo;approbation automatique \u00e0 l&rsquo;\u00e9ch\u00e9ance d&rsquo;un d\u00e9lai. Pour la plupart d&rsquo;entre elles, il conclut qu&rsquo;elles empi\u00e9teraient sur la souverainet\u00e9 proc\u00e9durale cantonale ou toucheraient \u00e0 des droits fondamentaux tels que le droit d&rsquo;\u00eatre entendu (article 29 alin\u00e9a 2 Cst.) et aux garanties de proc\u00e9dure des voisins. Il ne s&rsquo;agit pas d&rsquo;une retenue de confort, mais de la cons\u00e9quence logique de la r\u00e9partition constitutionnelle des comp\u00e9tences.<\/p>\n<blockquote><p><em>\u00abDans ce domaine, la Conf\u00e9d\u00e9ration ne peut faire que ce que la Constitution lui permet : ni plus, ni moins.\u00bb<\/em><\/p><\/blockquote>\n<ol start=\"3\">\n<li>\n<h2>Que peut r\u00e9ellement apporter la Conf\u00e9d\u00e9ration ?<\/h2>\n<\/li>\n<\/ol>\n<p>Restent trois ou quatre mesures pour lesquelles la Conf\u00e9d\u00e9ration est v\u00e9ritablement comp\u00e9tente : d\u00e9clarer la construction de logements d&rsquo;int\u00e9r\u00eat national, restreindre la qualit\u00e9 pour recourir et limiter les motifs de recours devant le Tribunal f\u00e9d\u00e9ral. Ce sont des leviers importants, mais par nature limit\u00e9s : ils concernent la proc\u00e9dure devant le Tribunal f\u00e9d\u00e9ral, derni\u00e8re de plusieurs instances, et pas n\u00e9cessairement l&rsquo;endroit o\u00f9 na\u00eet le plus grand retard. Les Seebahn-H\u00f6fe zurichois l&rsquo;illustrent : les coop\u00e9ratives d&rsquo;habitation ABZ et BEP planifient depuis une vingtaine d&rsquo;ann\u00e9es le renouvellement de leurs ensembles de la fin des ann\u00e9es 1920 : 350 nouveaux logements coop\u00e9ratifs, de quoi loger 1000 personnes au lieu des 500 actuelles.<a href=\"#_ftn4\" name=\"_ftnref4\">[4]<\/a> Apr\u00e8s des ann\u00e9es de d\u00e9bats sur la protection du patrimoine et la proc\u00e9dure de plan d&rsquo;am\u00e9nagement, le projet a encore d\u00fb affronter un r\u00e9f\u00e9rendum populaire en novembre 2025.<a href=\"#_ftn5\" name=\"_ftnref5\">[5]<\/a> Ces retards \u00e9chappent \u00e0 ce que la Conf\u00e9d\u00e9ration peut r\u00e9glementer : le d\u00e9fi n&rsquo;a jamais \u00e9t\u00e9 la seule proc\u00e9dure, mais le volume consid\u00e9rable de questions mat\u00e9rielles \u00e0 trancher.<\/p>\n<ol start=\"4\">\n<li>\n<h2>Pourquoi le corpus de r\u00e8gles continue-t-il malgr\u00e9 tout de cro\u00eetre ?<\/h2>\n<\/li>\n<\/ol>\n<p>Deux exemples officiels r\u00e9cents montrent la vitesse de cette croissance : l&rsquo;ordonnance sp\u00e9ciale sur les constructions I du canton de Zurich a \u00e9t\u00e9 \u00e9tendue d&rsquo;environ un tiers lors de la r\u00e9vision du droit de l&rsquo;\u00e9nergie de 2022<a href=\"#_ftn6\" name=\"_ftnref6\">[6]<\/a>, et la derni\u00e8re r\u00e9vision de la loi sur l&rsquo;am\u00e9nagement du territoire allonge les articles r\u00e9vis\u00e9s dans un ordre de grandeur comparable.<a href=\"#_ftn7\" name=\"_ftnref7\">[7]<\/a> S&rsquo;y ajoute l&rsquo;effet cumul\u00e9 du droit de l&rsquo;environnement, de la protection contre le bruit, de la protection du patrimoine, du climat et de l&rsquo;\u00e9nergie \u00e0 tous les niveaux, f\u00e9d\u00e9ral, cantonal et communal, chacun durci ind\u00e9pendamment des autres et se superposant en pratique. Oliver Streiff, professeur de droit public \u00e0 la Haute \u00e9cole zurichoise de sciences appliqu\u00e9es (ZHAW), d\u00e9crit cette superposition de r\u00e8gles issues de domaines juridiques diff\u00e9rents comme le probl\u00e8me central du droit actuel de l&rsquo;am\u00e9nagement du territoire et de la construction.<a href=\"#_ftn8\" name=\"_ftnref8\">[8]<\/a> Cela correspond \u00e0 l&rsquo;exp\u00e9rience pratique : une demande de permis passe aujourd&rsquo;hui par l&rsquo;autorit\u00e9 de construction ainsi que par les services de l&rsquo;\u00e9nergie, du bruit, de la protection des eaux et des transports ; chacun poursuit sa loi sp\u00e9ciale, et chaque s\u00e9rie de demandes compl\u00e9mentaires prolonge la proc\u00e9dure, quel que soit le degr\u00e9 de num\u00e9risation du formulaire ou l&rsquo;ampleur de la restriction de la qualit\u00e9 pour recourir d\u00e9cid\u00e9e \u00e0 Berne. Chaque r\u00e9vision est bien fond\u00e9e en soi ; ensemble, elles produisent un corpus de r\u00e8gles qu&rsquo;aucun ma\u00eetre d&rsquo;ouvrage ne ma\u00eetrise plus et qu&rsquo;une proc\u00e9dure plus rapide ne r\u00e9duit en rien.<\/p>\n<blockquote><p><em>\u00abDes r\u00e8gles plus complexes ne produisent pas de meilleures constructions. Elles produisent des co\u00fbts plus \u00e9lev\u00e9s pour l&rsquo;\u00c9tat, les autorit\u00e9s et les ma\u00eetres d&rsquo;ouvrage, et elles emp\u00eachent les logements dont la Suisse a un besoin urgent.\u00bb<\/em><\/p><\/blockquote>\n<ol start=\"5\">\n<li>\n<h2>Qu&rsquo;est-ce qui aiderait r\u00e9ellement contre la p\u00e9nurie de logements ?<\/h2>\n<\/li>\n<\/ol>\n<p>Hans Wicki, pr\u00e9sident de l&rsquo;organisation fa\u00eeti\u00e8re de la construction Bauenschweiz, le r\u00e9sume : un v\u00e9ritable all\u00e8gement ne viendrait que d&rsquo;une r\u00e9duction substantielle des r\u00e8gles \u00e0 tous les niveaux et dans tous les domaines sp\u00e9cialis\u00e9s, pas seulement en droit de proc\u00e9dure et pas seulement \u00e0 Berne. Le canton de Zoug teste pr\u00e9cis\u00e9ment cette voie avec ses \u00abzones blanches\u00bb : des zones \u00e0 b\u00e2tir dans lesquelles pratiquement toutes les prescriptions usuelles de construction seraient suspendues, sans distances minimales ni limites de hauteur, seules les normes de s\u00e9curit\u00e9 restant en vigueur.<a href=\"#_ftn9\" name=\"_ftnref9\">[9]<\/a> Jean-Fran\u00e7ois Steiert, pr\u00e9sident de la Conf\u00e9rence suisse des directeurs des travaux publics, de l&rsquo;am\u00e9nagement du territoire et de l&rsquo;environnement (DTAP), ajoute : les cantons doivent r\u00e9apprendre \u00e0 penser sans normes. C&rsquo;est le bon levier, mais un levier juridiquement d\u00e9licat : qui supprime des r\u00e8gles doit clarifier qui r\u00e9pond du dommage lorsque, sans distances aux limites, quelque chose tourne mal, car la responsabilit\u00e9 du propri\u00e9taire d&rsquo;ouvrage au sens de l&rsquo;article 58 du Code des obligations (CO) ne dispara\u00eet pas automatiquement avec elles.<a href=\"#_ftn10\" name=\"_ftnref10\">[10]<\/a> C&rsquo;est un travail de fourmi pour les juristes cantonaux, pas pour le D\u00e9partement f\u00e9d\u00e9ral de l&rsquo;environnement, des transports, de l&rsquo;\u00e9nergie et de la communication (DETEC).<\/p>\n<p>Pendant ce temps, l&rsquo;activit\u00e9 de construction recule : alors que 53 000 logements neufs environ arrivaient sur le march\u00e9 en 2018, le chiffre le plus r\u00e9cent avoisine 43 000 ; avec une demande d&rsquo;environ 50 000 unit\u00e9s par an, il se creuse ainsi, ann\u00e9e apr\u00e8s ann\u00e9e, un d\u00e9ficit de 7000 \u00e0 10 000 logements.<a href=\"#_ftn11\" name=\"_ftnref11\">[11]<\/a> Le point d\u00e9cisif est un constat qui se perd dans le d\u00e9bat sur la rapidit\u00e9 : la complexit\u00e9 des r\u00e8gles ne conduit pas \u00e0 de meilleurs r\u00e9sultats. Elle conduit \u00e0 une quote-part de l&rsquo;\u00c9tat plus \u00e9lev\u00e9e, \u00e0 des co\u00fbts plus \u00e9lev\u00e9s pour les autorit\u00e9s de construction qui doivent absorber une charge d&rsquo;examen toujours croissante, et \u00e0 des co\u00fbts plus \u00e9lev\u00e9s pour les promoteurs immobiliers, qui les financent en fin de compte. Surtout, elle emp\u00eache des projets urgents : au premier rang, des logements neufs, d&rsquo;une importance consid\u00e9rable pour la Suisse. La Conf\u00e9d\u00e9ration peut utiliser son cadre constitutionnel et apporte ainsi une contribution importante, mais limit\u00e9e. La v\u00e9ritable r\u00e9duction des r\u00e8gles ne peut cependant \u00eatre obtenue que par la Conf\u00e9d\u00e9ration et les cantons ensemble, chacun dans sa propre sph\u00e8re de comp\u00e9tence. On ne construira davantage que lorsqu&rsquo;un projet devra satisfaire \u00e0 moins de r\u00e8gles, et non aux m\u00eames r\u00e8gles plus vite.<\/p>\n<p>Dr iur. Alexander Schiemenz est associ\u00e9 fondateur de LINDEMANNLAW, avocat, conseiller fiscal, promoteur immobilier et investisseur.<\/p>\n<h2>Comment nous pouvons vous aider<\/h2>\n<p>Vous planifiez un projet immobilier, faites face \u00e0 une proc\u00e9dure de permis de construire de longue haleine ou \u00e9valuez les cons\u00e9quences juridiques et en mati\u00e8re de responsabilit\u00e9 de nouvelles prescriptions de construction ? LINDEMANNLAW conseille promoteurs, investisseurs et collectivit\u00e9s publiques en droit suisse de la construction, de l&rsquo;am\u00e9nagement du territoire et de l&rsquo;immobilier. Contactez-nous. Nous vous accompagnons volontiers.<\/p>\n<p>Lisez l&rsquo;article complet dans Finanz und Wirtschaft (FuW) : <a href=\"https:\/\/www.fuw.ch\/regulierungswut-schnellere-bauverfahren-loesen-die-wohnungsnot-nicht-230384008116\">Regulierungswut: Schnellere Bauverfahren l\u00f6sen die Wohnungsnot nicht<\/a><\/p>\n<h2>Sources :<\/h2>\n<p><a href=\"#_ftnref1\" name=\"_ftn1\">[1]<\/a> <a href=\"https:\/\/www.seco.admin.ch\/dam\/de\/sd-web\/pg9bvGLhT3Bp\/Bericht%20%C3%BCber%20die%20Regulierungskosten.pdf\">Secr\u00e9tariat d&rsquo;\u00c9tat \u00e0 l&rsquo;\u00e9conomie (SECO), Bericht \u00fcber die Regulierungskosten (rapport sur les co\u00fbts de la r\u00e9glementation), d\u00e9cembre 2013 (ann\u00e9e de r\u00e9f\u00e9rence 2011)<\/a> ; cf. Kuster\/Plaz\/Curschellas, <a href=\"https:\/\/dievolkswirtschaft.ch\/de\/2014\/01\/kuster-9\/\">Regulierungskosten im Bereich Baurecht, Die Volkswirtschaft 1\/2014<\/a> : \u00abDie Regulierungskosten des Hochbaus betragen f\u00fcr die Schweizer Wirtschaft im untersuchten Jahr 2011 insgesamt rund 1,6 Mrd. Franken oder knapp 6% des betrachteten Hochbauvolumens\u00bb<\/p>\n<p><a href=\"#_ftnref2\" name=\"_ftn2\">[2]<\/a> <a href=\"https:\/\/www.are.admin.ch\/dam\/de\/sd-web\/0DNJJLko9gMh\/Verfahrensbeschleunigung%20im%20Raumplanungs-%20und%20Baurecht_de.pdf\">Conseil f\u00e9d\u00e9ral suisse, rapport \u00abVerfahrensbeschleunigung im Raumplanungs- und Baurecht\u00bb du 2 avril 2026 (adopt\u00e9 par le Conseil f\u00e9d\u00e9ral le 22 avril 2026)<\/a><\/p>\n<p><a href=\"#_ftnref3\" name=\"_ftn3\">[3]<\/a> Constitution f\u00e9d\u00e9rale de la Conf\u00e9d\u00e9ration suisse du 18 avril 1999 (Cst. ; RS 101).<\/p>\n<p><a href=\"#_ftnref4\" name=\"_ftn4\">[4]<\/a><a href=\"https:\/\/www.wbg-zh.ch\/seebahn-hoefe\/\"> Wohnbaugenossenschaften Z\u00fcrich (association zurichoise des coop\u00e9ratives d&rsquo;habitation), \u00abJa zum Gestaltungsplan \u2039Seebahn-H\u00f6fe\u203a\u00bb<\/a><\/p>\n<p><a href=\"#_ftnref5\" name=\"_ftn5\">[5]<\/a> <a href=\"https:\/\/www.stadt-zuerich.ch\/de\/aktuell\/medienmitteilungen\/2025\/07\/volksreferendum-gegen-den-privaten-gestaltungsplan-seebahn-hoefe-zustande-gekommen.html\">Ville de Zurich, communiqu\u00e9 de presse \u00abVolksreferendum gegen den privaten Gestaltungsplan \u2039Seebahn-H\u00f6fe\u203a zustande gekommen\u00bb de juillet 2025 (relatif \u00e0 la d\u00e9cision du conseil municipal GR no 2024\/419 du 9 avril 2025 ; votation populaire du 30 novembre 2025)<\/a><\/p>\n<p><a href=\"#_ftnref6\" name=\"_ftn6\">[6]<\/a> <a href=\"https:\/\/www.lexfind.ch\/tolv\/220794\/de\">Ordonnance sp\u00e9ciale sur les constructions I du canton de Zurich (BBV I; LS 700.21)<\/a><\/p>\n<p><a href=\"#_ftnref7\" name=\"_ftn7\">[7]<\/a> <a href=\"https:\/\/www.fedlex.admin.ch\/eli\/fga\/2023\/2488\/de\">Modification de la loi sur l&rsquo;am\u00e9nagement du territoire du 29 septembre 2023 (BBl 2023 2488), entr\u00e9e en vigueur par \u00e9tapes depuis 2026<\/a><\/p>\n<p><a href=\"#_ftnref8\" name=\"_ftn8\">[8]<\/a> Cette citation et les suivantes de Hans Wicki et Jean-Fran\u00e7ois Steiert d&rsquo;apr\u00e8s : Andreas Valda, <a href=\"https:\/\/www.bilanz.ch\/unternehmen\/wohnungsnot-uberbordende-baunormen-erdruecken-den-wohnungsbau\/g7ek4zc\">\u00ab\u00dcberbordende Baunormen erdr\u00fccken den Wohnungsbau\u00bb, Bilanz du 6 juillet 2026<\/a><\/p>\n<p><a href=\"#_ftnref9\" name=\"_ftn9\">[9]<\/a> <a href=\"https:\/\/www.20min.ch\/story\/kanton-zug-fast-ohne-regeln-weisse-zonen-sollen-wohnungsnot-bekaempfen-103542370\">\u00abKanton Zug: Fast ohne Regeln \u2014 weisse Zonen sollen Wohnungsnot bek\u00e4mpfen\u00bb, 20 Minuten du 7 avril 2026<\/a><\/p>\n<p><a href=\"#_ftnref10\" name=\"_ftn10\">[10]<\/a> Loi f\u00e9d\u00e9rale compl\u00e9tant le Code civil suisse (Livre cinqui\u00e8me : Droit des obligations) du 30 mars 1911 (CO ; RS 220).<\/p>\n<p><a href=\"#_ftnref11\" name=\"_ftn11\">[11]<\/a> <a href=\"https:\/\/www.bwo.admin.ch\/dam\/bwo\/de\/dokumente\/03_Wohnungspolitik\/31_Wohnungspolitik_Bund\/aktionsplan-wohnungsknappheit.pdf.download.pdf\/2024-02-13%20-%20Aktionsplan%20Wohnungsknappheit_D.pdf\">D\u00e9partement f\u00e9d\u00e9ral de l&rsquo;\u00e9conomie, de la formation et de la recherche (DEFR), Aktionsplan Wohnungsknappheit (plan d&rsquo;action contre la p\u00e9nurie de logements), table ronde du 13 f\u00e9vrier 2024, p. 5<\/a><\/p>\n","protected":false},"excerpt":{"rendered":"<p>Il y a plus d&rsquo;une d\u00e9cennie, le Secr\u00e9tariat d&rsquo;\u00c9tat \u00e0 l&rsquo;\u00e9conomie (SECO) chiffrait les seuls co\u00fbts de la r\u00e9glementation dans le b\u00e2timent \u00e0 quelque 1,6 milliard de francs par an, soit pr\u00e8s de 6 % du volume de construction[1], et la densit\u00e9 r\u00e9glementaire n&rsquo;a cess\u00e9 de cro\u00eetre depuis. Un r\u00e9flexe commode s&rsquo;est pourtant impos\u00e9 : [&hellip;]<\/p>\n","protected":false},"author":19,"featured_media":26639,"comment_status":"closed","ping_status":"closed","sticky":false,"template":"","format":"standard","meta":{"_acf_changed":false,"site-sidebar-layout":"default","site-content-layout":"","ast-site-content-layout":"default","site-content-style":"default","site-sidebar-style":"default","ast-global-header-display":"","ast-banner-title-visibility":"","ast-main-header-display":"","ast-hfb-above-header-display":"","ast-hfb-below-header-display":"","ast-hfb-mobile-header-display":"","site-post-title":"","ast-breadcrumbs-content":"","ast-featured-img":"","footer-sml-layout":"","ast-disable-related-posts":"","theme-transparent-header-meta":"default","adv-header-id-meta":"","stick-header-meta":"","header-above-stick-meta":"","header-main-stick-meta":"","header-below-stick-meta":"","astra-migrate-meta-layouts":"set","ast-page-background-enabled":"default","ast-page-background-meta":{"desktop":{"background-color":"var(--ast-global-color-4)","background-image":"","background-repeat":"repeat","background-position":"center center","background-size":"auto","background-attachment":"scroll","background-type":"","background-media":"","overlay-type":"","overlay-color":"","overlay-opacity":"","overlay-gradient":""},"tablet":{"background-color":"","background-image":"","background-repeat":"repeat","background-position":"center center","background-size":"auto","background-attachment":"scroll","background-type":"","background-media":"","overlay-type":"","overlay-color":"","overlay-opacity":"","overlay-gradient":""},"mobile":{"background-color":"","background-image":"","background-repeat":"repeat","background-position":"center center","background-size":"auto","background-attachment":"scroll","background-type":"","background-media":"","overlay-type":"","overlay-color":"","overlay-opacity":"","overlay-gradient":""}},"ast-content-background-meta":{"desktop":{"background-color":"var(--ast-global-color-5)","background-image":"","background-repeat":"repeat","background-position":"center center","background-size":"auto","background-attachment":"scroll","background-type":"","background-media":"","overlay-type":"","overlay-color":"","overlay-opacity":"","overlay-gradient":""},"tablet":{"background-color":"var(--ast-global-color-5)","background-image":"","background-repeat":"repeat","background-position":"center center","background-size":"auto","background-attachment":"scroll","background-type":"","background-media":"","overlay-type":"","overlay-color":"","overlay-opacity":"","overlay-gradient":""},"mobile":{"background-color":"var(--ast-global-color-5)","background-image":"","background-repeat":"repeat","background-position":"center center","background-size":"auto","background-attachment":"scroll","background-type":"","background-media":"","overlay-type":"","overlay-color":"","overlay-opacity":"","overlay-gradient":""}},"footnotes":""},"categories":[60],"tags":[],"related_contact":[201],"expertise":[149,165,285,328,559],"class_list":["post-26638","post","type-post","status-publish","format-standard","has-post-thumbnail","hentry","category-insights"],"acf":[],"yoast_head":"<!-- This site is optimized with the Yoast SEO Premium plugin v28.3 (Yoast SEO v28.4) - https:\/\/yoast.com\/product\/yoast-seo-premium-wordpress\/ -->\n<title>Permis de construire en Suisse | Lindemann Law<\/title>\n<meta name=\"description\" content=\"Permis de construire en Suisse : ce que la Conf\u00e9d\u00e9ration peut faire, pourquoi acc\u00e9l\u00e9rer ne suffit pas et ce qui d\u00e9bloquerait vraiment le logement.\" \/>\n<meta name=\"robots\" content=\"index, follow, max-snippet:-1, max-image-preview:large, max-video-preview:-1\" \/>\n<link rel=\"canonical\" href=\"https:\/\/lindemannlaw.ch\/fr\/insights\/permis-de-construire-suisse-moins-de-regles-plus-de-logements\/\" \/>\n<meta property=\"og:locale\" content=\"fr_FR\" \/>\n<meta property=\"og:type\" content=\"article\" \/>\n<meta property=\"og:title\" content=\"Proc\u00e9dures de permis de construire en Suisse : pourquoi moins de r\u00e8gles signifient plus de logements\" \/>\n<meta property=\"og:description\" content=\"Permis de construire en Suisse : ce que la Conf\u00e9d\u00e9ration peut faire, pourquoi acc\u00e9l\u00e9rer ne suffit pas et ce qui d\u00e9bloquerait vraiment le logement.\" \/>\n<meta property=\"og:url\" content=\"https:\/\/lindemannlaw.ch\/fr\/insights\/permis-de-construire-suisse-moins-de-regles-plus-de-logements\/\" \/>\n<meta property=\"og:site_name\" content=\"Lindemann Law\" \/>\n<meta property=\"article:published_time\" content=\"2026-09-02T13:30:53+00:00\" \/>\n<meta property=\"article:modified_time\" content=\"2026-09-02T14:04:16+00:00\" \/>\n<meta property=\"og:image\" content=\"https:\/\/lindemannlaw.ch\/wp-content\/uploads\/2026\/09\/bauverfahren.webp\" \/>\n\t<meta property=\"og:image:width\" content=\"1600\" \/>\n\t<meta property=\"og:image:height\" content=\"900\" \/>\n\t<meta property=\"og:image:type\" content=\"image\/webp\" \/>\n<meta name=\"author\" content=\"LINDEMANN\" \/>\n<meta name=\"twitter:card\" content=\"summary_large_image\" \/>\n<meta name=\"twitter:creator\" content=\"@Lindemann_law\" \/>\n<meta name=\"twitter:site\" content=\"@Lindemann_law\" \/>\n<meta name=\"twitter:label1\" content=\"\u00c9crit par\" \/>\n\t<meta name=\"twitter:data1\" content=\"LINDEMANN\" \/>\n\t<meta name=\"twitter:label2\" content=\"Dur\u00e9e de lecture estim\u00e9e\" \/>\n\t<meta name=\"twitter:data2\" content=\"7 minutes\" \/>\n<script type=\"application\/ld+json\" class=\"yoast-schema-graph\">{\"@context\":\"https:\\\/\\\/schema.org\",\"@graph\":[{\"@type\":\"Article\",\"@id\":\"https:\\\/\\\/lindemannlaw.ch\\\/fr\\\/insights\\\/permis-de-construire-suisse-moins-de-regles-plus-de-logements\\\/#article\",\"isPartOf\":{\"@id\":\"https:\\\/\\\/lindemannlaw.ch\\\/fr\\\/insights\\\/permis-de-construire-suisse-moins-de-regles-plus-de-logements\\\/\"},\"author\":{\"name\":\"LINDEMANN\",\"@id\":\"https:\\\/\\\/lindemannlaw.ch\\\/fr\\\/#\\\/schema\\\/person\\\/13c7262ec98b677ee605680c32d9e377\"},\"headline\":\"Proc\u00e9dures de permis de construire en Suisse : pourquoi moins de r\u00e8gles signifient plus de logements\",\"datePublished\":\"2026-09-02T13:30:53+00:00\",\"dateModified\":\"2026-09-02T14:04:16+00:00\",\"mainEntityOfPage\":{\"@id\":\"https:\\\/\\\/lindemannlaw.ch\\\/fr\\\/insights\\\/permis-de-construire-suisse-moins-de-regles-plus-de-logements\\\/\"},\"wordCount\":1815,\"publisher\":{\"@id\":\"https:\\\/\\\/lindemannlaw.ch\\\/fr\\\/#organization\"},\"image\":{\"@id\":\"https:\\\/\\\/lindemannlaw.ch\\\/fr\\\/insights\\\/permis-de-construire-suisse-moins-de-regles-plus-de-logements\\\/#primaryimage\"},\"thumbnailUrl\":\"https:\\\/\\\/lindemannlaw.ch\\\/wp-content\\\/uploads\\\/2026\\\/09\\\/bauverfahren.webp\",\"articleSection\":[\"Informations\"],\"inLanguage\":\"fr-FR\"},{\"@type\":\"WebPage\",\"@id\":\"https:\\\/\\\/lindemannlaw.ch\\\/fr\\\/insights\\\/permis-de-construire-suisse-moins-de-regles-plus-de-logements\\\/\",\"url\":\"https:\\\/\\\/lindemannlaw.ch\\\/fr\\\/insights\\\/permis-de-construire-suisse-moins-de-regles-plus-de-logements\\\/\",\"name\":\"Permis de construire en Suisse | Lindemann Law\",\"isPartOf\":{\"@id\":\"https:\\\/\\\/lindemannlaw.ch\\\/fr\\\/#website\"},\"primaryImageOfPage\":{\"@id\":\"https:\\\/\\\/lindemannlaw.ch\\\/fr\\\/insights\\\/permis-de-construire-suisse-moins-de-regles-plus-de-logements\\\/#primaryimage\"},\"image\":{\"@id\":\"https:\\\/\\\/lindemannlaw.ch\\\/fr\\\/insights\\\/permis-de-construire-suisse-moins-de-regles-plus-de-logements\\\/#primaryimage\"},\"thumbnailUrl\":\"https:\\\/\\\/lindemannlaw.ch\\\/wp-content\\\/uploads\\\/2026\\\/09\\\/bauverfahren.webp\",\"datePublished\":\"2026-09-02T13:30:53+00:00\",\"dateModified\":\"2026-09-02T14:04:16+00:00\",\"description\":\"Permis de construire en Suisse : ce que la Conf\u00e9d\u00e9ration peut faire, pourquoi acc\u00e9l\u00e9rer ne suffit pas et ce qui d\u00e9bloquerait vraiment le logement.\",\"breadcrumb\":{\"@id\":\"https:\\\/\\\/lindemannlaw.ch\\\/fr\\\/insights\\\/permis-de-construire-suisse-moins-de-regles-plus-de-logements\\\/#breadcrumb\"},\"inLanguage\":\"fr-FR\",\"potentialAction\":[{\"@type\":\"ReadAction\",\"target\":[\"https:\\\/\\\/lindemannlaw.ch\\\/fr\\\/insights\\\/permis-de-construire-suisse-moins-de-regles-plus-de-logements\\\/\"]}]},{\"@type\":\"ImageObject\",\"inLanguage\":\"fr-FR\",\"@id\":\"https:\\\/\\\/lindemannlaw.ch\\\/fr\\\/insights\\\/permis-de-construire-suisse-moins-de-regles-plus-de-logements\\\/#primaryimage\",\"url\":\"https:\\\/\\\/lindemannlaw.ch\\\/wp-content\\\/uploads\\\/2026\\\/09\\\/bauverfahren.webp\",\"contentUrl\":\"https:\\\/\\\/lindemannlaw.ch\\\/wp-content\\\/uploads\\\/2026\\\/09\\\/bauverfahren.webp\",\"width\":1600,\"height\":900},{\"@type\":\"BreadcrumbList\",\"@id\":\"https:\\\/\\\/lindemannlaw.ch\\\/fr\\\/insights\\\/permis-de-construire-suisse-moins-de-regles-plus-de-logements\\\/#breadcrumb\",\"itemListElement\":[{\"@type\":\"ListItem\",\"position\":1,\"name\":\"Home\",\"item\":\"https:\\\/\\\/lindemannlaw.ch\\\/fr\\\/\"},{\"@type\":\"ListItem\",\"position\":2,\"name\":\"Informations\",\"item\":\"https:\\\/\\\/lindemannlaw.ch\\\/fr\\\/category\\\/insights\\\/\"},{\"@type\":\"ListItem\",\"position\":3,\"name\":\"Proc\u00e9dures de permis de construire en Suisse : pourquoi moins de r\u00e8gles signifient plus de logements\"}]},{\"@type\":\"WebSite\",\"@id\":\"https:\\\/\\\/lindemannlaw.ch\\\/fr\\\/#website\",\"url\":\"https:\\\/\\\/lindemannlaw.ch\\\/fr\\\/\",\"name\":\"Lindemann Law\",\"description\":\"Asset Management legal services\",\"publisher\":{\"@id\":\"https:\\\/\\\/lindemannlaw.ch\\\/fr\\\/#organization\"},\"potentialAction\":[{\"@type\":\"SearchAction\",\"target\":{\"@type\":\"EntryPoint\",\"urlTemplate\":\"https:\\\/\\\/lindemannlaw.ch\\\/fr\\\/?s={search_term_string}\"},\"query-input\":{\"@type\":\"PropertyValueSpecification\",\"valueRequired\":true,\"valueName\":\"search_term_string\"}}],\"inLanguage\":\"fr-FR\"},{\"@type\":\"Organization\",\"@id\":\"https:\\\/\\\/lindemannlaw.ch\\\/fr\\\/#organization\",\"name\":\"Lindemann Law\",\"url\":\"https:\\\/\\\/lindemannlaw.ch\\\/fr\\\/\",\"logo\":{\"@type\":\"ImageObject\",\"inLanguage\":\"fr-FR\",\"@id\":\"https:\\\/\\\/lindemannlaw.ch\\\/fr\\\/#\\\/schema\\\/logo\\\/image\\\/\",\"url\":\"https:\\\/\\\/lindemannlaw.ch\\\/wp-content\\\/uploads\\\/2021\\\/01\\\/logo-lindemannlaw_cropped.png\",\"contentUrl\":\"https:\\\/\\\/lindemannlaw.ch\\\/wp-content\\\/uploads\\\/2021\\\/01\\\/logo-lindemannlaw_cropped.png\",\"width\":150,\"height\":73,\"caption\":\"Lindemann Law\"},\"image\":{\"@id\":\"https:\\\/\\\/lindemannlaw.ch\\\/fr\\\/#\\\/schema\\\/logo\\\/image\\\/\"},\"sameAs\":[\"https:\\\/\\\/x.com\\\/Lindemann_law\",\"https:\\\/\\\/www.linkedin.com\\\/company\\\/lindemannlaw\\\/\"]},{\"@type\":\"Person\",\"@id\":\"https:\\\/\\\/lindemannlaw.ch\\\/fr\\\/#\\\/schema\\\/person\\\/13c7262ec98b677ee605680c32d9e377\",\"name\":\"LINDEMANN\",\"image\":{\"@type\":\"ImageObject\",\"inLanguage\":\"fr-FR\",\"@id\":\"https:\\\/\\\/secure.gravatar.com\\\/avatar\\\/aabce4a6c345deffaa07d68e9dca61e186138cb2a1d9602ba8135cbee6dd9ef2?s=96&d=mm&r=g\",\"url\":\"https:\\\/\\\/secure.gravatar.com\\\/avatar\\\/aabce4a6c345deffaa07d68e9dca61e186138cb2a1d9602ba8135cbee6dd9ef2?s=96&d=mm&r=g\",\"contentUrl\":\"https:\\\/\\\/secure.gravatar.com\\\/avatar\\\/aabce4a6c345deffaa07d68e9dca61e186138cb2a1d9602ba8135cbee6dd9ef2?s=96&d=mm&r=g\",\"caption\":\"LINDEMANN\"}}]}<\/script>\n<!-- \/ Yoast SEO Premium plugin. -->","yoast_head_json":{"title":"Permis de construire en Suisse | Lindemann Law","description":"Permis de construire en Suisse : ce que la Conf\u00e9d\u00e9ration peut faire, pourquoi acc\u00e9l\u00e9rer ne suffit pas et ce qui d\u00e9bloquerait vraiment le logement.","robots":{"index":"index","follow":"follow","max-snippet":"max-snippet:-1","max-image-preview":"max-image-preview:large","max-video-preview":"max-video-preview:-1"},"canonical":"https:\/\/lindemannlaw.ch\/fr\/insights\/permis-de-construire-suisse-moins-de-regles-plus-de-logements\/","og_locale":"fr_FR","og_type":"article","og_title":"Proc\u00e9dures de permis de construire en Suisse : pourquoi moins de r\u00e8gles signifient plus de logements","og_description":"Permis de construire en Suisse : ce que la Conf\u00e9d\u00e9ration peut faire, pourquoi acc\u00e9l\u00e9rer ne suffit pas et ce qui d\u00e9bloquerait vraiment le logement.","og_url":"https:\/\/lindemannlaw.ch\/fr\/insights\/permis-de-construire-suisse-moins-de-regles-plus-de-logements\/","og_site_name":"Lindemann Law","article_published_time":"2026-09-02T13:30:53+00:00","article_modified_time":"2026-09-02T14:04:16+00:00","og_image":[{"width":1600,"height":900,"url":"https:\/\/lindemannlaw.ch\/wp-content\/uploads\/2026\/09\/bauverfahren.webp","type":"image\/webp"}],"author":"LINDEMANN","twitter_card":"summary_large_image","twitter_creator":"@Lindemann_law","twitter_site":"@Lindemann_law","twitter_misc":{"\u00c9crit par":"LINDEMANN","Dur\u00e9e de lecture estim\u00e9e":"7 minutes"},"schema":{"@context":"https:\/\/schema.org","@graph":[{"@type":"Article","@id":"https:\/\/lindemannlaw.ch\/fr\/insights\/permis-de-construire-suisse-moins-de-regles-plus-de-logements\/#article","isPartOf":{"@id":"https:\/\/lindemannlaw.ch\/fr\/insights\/permis-de-construire-suisse-moins-de-regles-plus-de-logements\/"},"author":{"name":"LINDEMANN","@id":"https:\/\/lindemannlaw.ch\/fr\/#\/schema\/person\/13c7262ec98b677ee605680c32d9e377"},"headline":"Proc\u00e9dures de permis de construire en Suisse : pourquoi moins de r\u00e8gles signifient plus de logements","datePublished":"2026-09-02T13:30:53+00:00","dateModified":"2026-09-02T14:04:16+00:00","mainEntityOfPage":{"@id":"https:\/\/lindemannlaw.ch\/fr\/insights\/permis-de-construire-suisse-moins-de-regles-plus-de-logements\/"},"wordCount":1815,"publisher":{"@id":"https:\/\/lindemannlaw.ch\/fr\/#organization"},"image":{"@id":"https:\/\/lindemannlaw.ch\/fr\/insights\/permis-de-construire-suisse-moins-de-regles-plus-de-logements\/#primaryimage"},"thumbnailUrl":"https:\/\/lindemannlaw.ch\/wp-content\/uploads\/2026\/09\/bauverfahren.webp","articleSection":["Informations"],"inLanguage":"fr-FR"},{"@type":"WebPage","@id":"https:\/\/lindemannlaw.ch\/fr\/insights\/permis-de-construire-suisse-moins-de-regles-plus-de-logements\/","url":"https:\/\/lindemannlaw.ch\/fr\/insights\/permis-de-construire-suisse-moins-de-regles-plus-de-logements\/","name":"Permis de construire en Suisse | Lindemann Law","isPartOf":{"@id":"https:\/\/lindemannlaw.ch\/fr\/#website"},"primaryImageOfPage":{"@id":"https:\/\/lindemannlaw.ch\/fr\/insights\/permis-de-construire-suisse-moins-de-regles-plus-de-logements\/#primaryimage"},"image":{"@id":"https:\/\/lindemannlaw.ch\/fr\/insights\/permis-de-construire-suisse-moins-de-regles-plus-de-logements\/#primaryimage"},"thumbnailUrl":"https:\/\/lindemannlaw.ch\/wp-content\/uploads\/2026\/09\/bauverfahren.webp","datePublished":"2026-09-02T13:30:53+00:00","dateModified":"2026-09-02T14:04:16+00:00","description":"Permis de construire en Suisse : ce que la Conf\u00e9d\u00e9ration peut faire, pourquoi acc\u00e9l\u00e9rer ne suffit pas et ce qui d\u00e9bloquerait vraiment le logement.","breadcrumb":{"@id":"https:\/\/lindemannlaw.ch\/fr\/insights\/permis-de-construire-suisse-moins-de-regles-plus-de-logements\/#breadcrumb"},"inLanguage":"fr-FR","potentialAction":[{"@type":"ReadAction","target":["https:\/\/lindemannlaw.ch\/fr\/insights\/permis-de-construire-suisse-moins-de-regles-plus-de-logements\/"]}]},{"@type":"ImageObject","inLanguage":"fr-FR","@id":"https:\/\/lindemannlaw.ch\/fr\/insights\/permis-de-construire-suisse-moins-de-regles-plus-de-logements\/#primaryimage","url":"https:\/\/lindemannlaw.ch\/wp-content\/uploads\/2026\/09\/bauverfahren.webp","contentUrl":"https:\/\/lindemannlaw.ch\/wp-content\/uploads\/2026\/09\/bauverfahren.webp","width":1600,"height":900},{"@type":"BreadcrumbList","@id":"https:\/\/lindemannlaw.ch\/fr\/insights\/permis-de-construire-suisse-moins-de-regles-plus-de-logements\/#breadcrumb","itemListElement":[{"@type":"ListItem","position":1,"name":"Home","item":"https:\/\/lindemannlaw.ch\/fr\/"},{"@type":"ListItem","position":2,"name":"Informations","item":"https:\/\/lindemannlaw.ch\/fr\/category\/insights\/"},{"@type":"ListItem","position":3,"name":"Proc\u00e9dures de permis de construire en Suisse : pourquoi moins de r\u00e8gles signifient plus de logements"}]},{"@type":"WebSite","@id":"https:\/\/lindemannlaw.ch\/fr\/#website","url":"https:\/\/lindemannlaw.ch\/fr\/","name":"Lindemann Law","description":"Asset Management legal services","publisher":{"@id":"https:\/\/lindemannlaw.ch\/fr\/#organization"},"potentialAction":[{"@type":"SearchAction","target":{"@type":"EntryPoint","urlTemplate":"https:\/\/lindemannlaw.ch\/fr\/?s={search_term_string}"},"query-input":{"@type":"PropertyValueSpecification","valueRequired":true,"valueName":"search_term_string"}}],"inLanguage":"fr-FR"},{"@type":"Organization","@id":"https:\/\/lindemannlaw.ch\/fr\/#organization","name":"Lindemann Law","url":"https:\/\/lindemannlaw.ch\/fr\/","logo":{"@type":"ImageObject","inLanguage":"fr-FR","@id":"https:\/\/lindemannlaw.ch\/fr\/#\/schema\/logo\/image\/","url":"https:\/\/lindemannlaw.ch\/wp-content\/uploads\/2021\/01\/logo-lindemannlaw_cropped.png","contentUrl":"https:\/\/lindemannlaw.ch\/wp-content\/uploads\/2021\/01\/logo-lindemannlaw_cropped.png","width":150,"height":73,"caption":"Lindemann Law"},"image":{"@id":"https:\/\/lindemannlaw.ch\/fr\/#\/schema\/logo\/image\/"},"sameAs":["https:\/\/x.com\/Lindemann_law","https:\/\/www.linkedin.com\/company\/lindemannlaw\/"]},{"@type":"Person","@id":"https:\/\/lindemannlaw.ch\/fr\/#\/schema\/person\/13c7262ec98b677ee605680c32d9e377","name":"LINDEMANN","image":{"@type":"ImageObject","inLanguage":"fr-FR","@id":"https:\/\/secure.gravatar.com\/avatar\/aabce4a6c345deffaa07d68e9dca61e186138cb2a1d9602ba8135cbee6dd9ef2?s=96&d=mm&r=g","url":"https:\/\/secure.gravatar.com\/avatar\/aabce4a6c345deffaa07d68e9dca61e186138cb2a1d9602ba8135cbee6dd9ef2?s=96&d=mm&r=g","contentUrl":"https:\/\/secure.gravatar.com\/avatar\/aabce4a6c345deffaa07d68e9dca61e186138cb2a1d9602ba8135cbee6dd9ef2?s=96&d=mm&r=g","caption":"LINDEMANN"}}]}},"_links":{"self":[{"href":"https:\/\/lindemannlaw.ch\/fr\/wp-json\/wp\/v2\/posts\/26638","targetHints":{"allow":["GET"]}}],"collection":[{"href":"https:\/\/lindemannlaw.ch\/fr\/wp-json\/wp\/v2\/posts"}],"about":[{"href":"https:\/\/lindemannlaw.ch\/fr\/wp-json\/wp\/v2\/types\/post"}],"author":[{"embeddable":true,"href":"https:\/\/lindemannlaw.ch\/fr\/wp-json\/wp\/v2\/users\/19"}],"replies":[{"embeddable":true,"href":"https:\/\/lindemannlaw.ch\/fr\/wp-json\/wp\/v2\/comments?post=26638"}],"version-history":[{"count":2,"href":"https:\/\/lindemannlaw.ch\/fr\/wp-json\/wp\/v2\/posts\/26638\/revisions"}],"predecessor-version":[{"id":26652,"href":"https:\/\/lindemannlaw.ch\/fr\/wp-json\/wp\/v2\/posts\/26638\/revisions\/26652"}],"wp:featuredmedia":[{"embeddable":true,"href":"https:\/\/lindemannlaw.ch\/fr\/wp-json\/wp\/v2\/media\/26639"}],"wp:attachment":[{"href":"https:\/\/lindemannlaw.ch\/fr\/wp-json\/wp\/v2\/media?parent=26638"}],"wp:term":[{"taxonomy":"category","embeddable":true,"href":"https:\/\/lindemannlaw.ch\/fr\/wp-json\/wp\/v2\/categories?post=26638"},{"taxonomy":"post_tag","embeddable":true,"href":"https:\/\/lindemannlaw.ch\/fr\/wp-json\/wp\/v2\/tags?post=26638"},{"taxonomy":"related_contact","embeddable":true,"href":"https:\/\/lindemannlaw.ch\/fr\/wp-json\/wp\/v2\/related_contact?post=26638"},{"taxonomy":"expertise","embeddable":true,"href":"https:\/\/lindemannlaw.ch\/fr\/wp-json\/wp\/v2\/expertise?post=26638"}],"curies":[{"name":"wp","href":"https:\/\/api.w.org\/{rel}","templated":true}]}}