{"id":26052,"date":"2026-08-31T09:38:45","date_gmt":"2026-08-31T08:38:45","guid":{"rendered":"https:\/\/lindemannlaw.ch\/?p=26052"},"modified":"2026-08-31T10:37:13","modified_gmt":"2026-08-31T09:37:13","slug":"relokacja-firmy-do-szwajcarii-piec-kluczowych-pytan","status":"publish","type":"post","link":"https:\/\/lindemannlaw.ch\/pl\/bez-kategorii\/relokacja-firmy-do-szwajcarii-piec-kluczowych-pytan\/","title":{"rendered":"Relokacja firmy do Szwajcarii: pi\u0119\u0107 kluczowych pyta\u0144 dla przedsi\u0119biorstw i ich za\u0142o\u017cycieli"},"content":{"rendered":"<p>Relokacja do Szwajcarii to co\u015b wi\u0119cej ni\u017c kwestia zezwole\u0144 czy podatk\u00f3w. Dla os\u00f3b fizycznych, przedsi\u0119biorc\u00f3w i firm prawo imigracyjne, prawo pracy, prawo podatkowe i prawo sp\u00f3\u0142ek s\u0105 ze sob\u0105 \u015bci\u015ble powi\u0105zane. Os\u00f3b fizycznych i firm nie mo\u017cna w tym kontek\u015bcie ca\u0142kowicie rozdzieli\u0107: gdy przedsi\u0119biorca przenosi o\u015brodek swojego \u017cycia, cz\u0119sto przenoszone s\u0105 r\u00f3wnie\u017c funkcje zarz\u0105dcze, udzia\u0142y i dzia\u0142alno\u015b\u0107 operacyjna; i odwrotnie \u2014 relokacja firmy nie ogranicza si\u0119 do prawa sp\u00f3\u0142ek i prawa podatkowego, gdy do Szwajcarii przenosz\u0105 si\u0119 tak\u017ce za\u0142o\u017cyciele lub kadra kierownicza. Poni\u017cszych pi\u0119\u0107 pyta\u0144 daje zatem kr\u00f3tki przegl\u0105d obu stron.<\/p>\n<ol>\n<li>\n<h2>Jaka podstawa prawna jest wymagana do relokacji do Szwajcarii?<\/h2>\n<\/li>\n<\/ol>\n<p><strong>FIRMY<\/strong><\/p>\n<p>Firmy przenosz\u0105ce si\u0119 lub zak\u0142adaj\u0105ce dzia\u0142alno\u015b\u0107 w Szwajcarii maj\u0105 zasadniczo cztery dost\u0119pne drogi:<\/p>\n<ul>\n<li>Transgraniczne przeniesienie siedziby (redomicyliacja) bez likwidacji na podstawie art. 161 szwajcarskiej ustawy o prawie prywatnym mi\u0119dzynarodowym (PILA) \u2014 pod warunkiem, \u017ce jest to dopuszczalne w \u015bwietle prawa obcego i spe\u0142nione s\u0105 szwajcarskie wymogi dotycz\u0105ce za\u0142o\u017cenia sp\u00f3\u0142ki.<\/li>\n<li>Utworzenie nowej sp\u00f3\u0142ki akcyjnej (AG) lub sp\u00f3\u0142ki z ograniczon\u0105 odpowiedzialno\u015bci\u0105 (GmbH).<\/li>\n<li>Rejestracja oddzia\u0142u, kt\u00f3ry nie ma odr\u0119bnej osobowo\u015bci prawnej.<\/li>\n<li>Po\u0142\u0105czenie lub przeniesienie maj\u0105tku \u2014 przy czym ustawa o po\u0142\u0105czeniach nie reguluje wyczerpuj\u0105co wariant\u00f3w transgranicznych, wi\u0119c wymogi prawa sp\u00f3\u0142ek, prawa prywatnego mi\u0119dzynarodowego, prawa podatkowego i rejestrowego nale\u017cy rozpatrywa\u0107 \u0142\u0105cznie.<\/li>\n<\/ul>\n<p>Wyb\u00f3r zale\u017cy od odpowiedzialno\u015bci, finansowania, \u0142adu korporacyjnego, regulacji i integracji funkcjonalnej. Relokacja firmy i dopuszczenie pracownik\u00f3w to r\u00f3wnie\u017c odr\u0119bne procedury: w przypadku kadry kierowniczej, specjalist\u00f3w i innych obywateli pa\u0144stw trzecich pracodawca musi z\u0142o\u017cy\u0107 osobny wniosek dla ka\u017cdej osoby.<\/p>\n<p><strong>OSOBY FIZYCZNE<\/strong><\/p>\n<p>Dla obywateli UE i EFTA dost\u0119p reguluje Umowa o swobodnym przep\u0142ywie os\u00f3b; d\u0142u\u017csze okresy dzia\u0142alno\u015bci zarobkowej z regu\u0142y wymagaj\u0105 zezwolenia. Dla obywateli pa\u0144stw trzecich istnieje pi\u0119\u0107 g\u0142\u00f3wnych dr\u00f3g: swobodny przep\u0142yw UE\/EFTA, dopuszczenie do dzia\u0142alno\u015bci zarobkowej, \u0142\u0105czenie rodzin, pobyty w okre\u015blonym celu bez dzia\u0142alno\u015bci zarobkowej oraz zezwolenia uznaniowe oparte na wa\u017cnym interesie publicznym. Znaczenie ma zawsze faktycznie wykonywana dzia\u0142alno\u015b\u0107; samo za\u0142o\u017cenie sp\u00f3\u0142ki nie daje prawa pobytu.<\/p>\n<div class=\"ast-oembed-container \" style=\"height: 100%;\"><iframe title=\"Przeniesienie firmy do Szwajcarii: co powinny wiedzie\u0107 przedsi\u0119biorstwa\" width=\"500\" height=\"281\" src=\"https:\/\/www.youtube.com\/embed\/UplK_3RJsCc?feature=oembed\" frameborder=\"0\" allow=\"accelerometer; autoplay; clipboard-write; encrypted-media; gyroscope; picture-in-picture; web-share\" referrerpolicy=\"strict-origin-when-cross-origin\" allowfullscreen><\/iframe><\/div>\n<ol start=\"2\">\n<li>\n<h2><strong>Gdzie znajduje si\u0119 rezydencja podatkowa?<\/strong><\/h2>\n<\/li>\n<\/ol>\n<p><strong>FIRMY<\/strong><\/p>\n<p>Osoby prawne podlegaj\u0105 opodatkowaniu na podstawie przynale\u017cno\u015bci osobistej, je\u017celi ich siedziba statutowa lub miejsce faktycznego zarz\u0105du znajduje si\u0119 w Szwajcarii lub w danym kantonie. Gdy oba si\u0119 rozchodz\u0105, g\u0142\u00f3wna mi\u0119dzykantonalna rezydencja podatkowa znajduje si\u0119 w miejscu faktycznego zarz\u0105du; czysto formalna siedziba jej nie wypiera. Faktyczny zarz\u0105d to miejsce, w kt\u00f3rym przewa\u017cnie prowadzona jest bie\u017c\u0105ca dzia\u0142alno\u015b\u0107 sp\u00f3\u0142ki i podejmowane s\u0105 jej istotne decyzje \u2014 w odr\u00f3\u017cnieniu od czynno\u015bci czysto administracyjnych oraz funkcji nadzorczych i kierunkowych organu najwy\u017cszego. W przypadku sp\u00f3\u0142ek holdingowych decyduj\u0105ce s\u0105 faktyczne funkcje w\u0142a\u015bcicielskie i steruj\u0105ce.<\/p>\n<p><strong>OSOBY FIZYCZNE<\/strong><\/p>\n<p>Osoby fizyczne podlegaj\u0105 opodatkowaniu, je\u017celi maj\u0105 miejsce zamieszkania dla cel\u00f3w podatkowych lub pobyt podatkowy w Szwajcarii. Znaczenie ma obiektywnie rozpoznawalny o\u015brodek interes\u00f3w \u017cyciowych, a nie zameldowanie czy zezwolenie na pobyt. W braku miejsca zamieszkania dla cel\u00f3w podatkowych pobyt podatkowy powstaje po 30 dniach z dzia\u0142alno\u015bci\u0105 zarobkow\u0105 lub 90 dniach bez niej. Je\u017celi wi\u0119zi z krajem pochodzenia si\u0119 utrzymuj\u0105, mo\u017ce powsta\u0107 podw\u00f3jna rezydencja, kt\u00f3r\u0105 rozstrzyga w\u0142a\u015bciwa umowa o unikaniu podw\u00f3jnego opodatkowania.<\/p>\n<ol start=\"3\">\n<li>\n<h2><strong>Jakie minimalne wymogi trzeba wykaza\u0107?<\/strong><\/h2>\n<\/li>\n<\/ol>\n<p><strong>FIRMY<\/strong><\/p>\n<p>Nie istnieje jednolity ustawowy pr\u00f3g substancji; wymagana obecno\u015b\u0107 zale\u017cy od dzia\u0142alno\u015bci, roli w grupie, w\u0142a\u015bciwego prawa traktatowego i regulacji. Sp\u00f3jny obraz wy\u0142ania si\u0119 w szczeg\u00f3lno\u015bci z nast\u0119puj\u0105cych element\u00f3w:<\/p>\n<ul>\n<li>Obecno\u015b\u0107 kadrowa: miejsca pracy i personel faktycznie pracuj\u0105cy na miejscu.<\/li>\n<li>Obecno\u015b\u0107 fizyczna: w\u0142asne pomieszczenia wraz z odpowiednimi umowami najmu lub kupna.<\/li>\n<li>Procesy decyzyjne: protoko\u0142y, upowa\u017cnienia i uchwa\u0142y organ\u00f3w odzwierciedlaj\u0105ce faktyczne miejsce podejmowania decyzji.<\/li>\n<li>Infrastruktura finansowa: pe\u0142nomocnictwa bankowe i ksi\u0119gowo\u015b\u0107 w siedzibie statutowej.<\/li>\n<li>Sp\u00f3jna dokumentacja: umowy i korespondencja zgodne z pozosta\u0142ymi dowodami.<\/li>\n<\/ul>\n<p>Niesp\u00f3jne dokumenty stanowi\u0105 szczeg\u00f3lne ryzyko \u2014 na przyk\u0142ad protoko\u0142y wskazuj\u0105ce Szwajcari\u0119 jako miejsce podejmowania decyzji, podczas gdy e-maile, kalendarze i faktyczne miejsce pracy wskazuj\u0105 na inne miejsce, albo przypisanie funkcji do cel\u00f3w cen transferowych bez odpowiedniego personelu i infrastruktury.<\/p>\n<p><strong>OSOBY FIZYCZNE<\/strong><\/p>\n<p>Warunki mieszkaniowe, obecno\u015b\u0107 fizyczna, rodzina, dzia\u0142alno\u015b\u0107 zawodowa i wi\u0119zi spo\u0142eczne musz\u0105 razem tworzy\u0107 sp\u00f3jny obraz. Nale\u017cy wykaza\u0107 zar\u00f3wno porzucenie dotychczasowego miejsca zamieszkania, jak i faktyczne ustanowienie nowego o\u015brodka \u017cycia; samo dost\u0119pne mieszkanie, bez dowod\u00f3w rzeczywistego stylu \u017cycia, nie wystarczy. Szczeg\u00f3lnie ryzykowne jest deklarowanie statusu bez dzia\u0142alno\u015bci zarobkowej przy jednoczesnym faktycznym prowadzeniu dzia\u0142aj\u0105cego przedsi\u0119biorstwa.<\/p>\n<ol start=\"4\">\n<li>\n<h2><strong>Jakie konsekwencje podatkowe nale\u017cy zbada\u0107?<\/strong><\/h2>\n<\/li>\n<\/ol>\n<p><strong>FIRMY<\/strong><\/p>\n<p>Do zbadania nale\u017c\u0105 konsekwencje podatkowe wk\u0142ad\u00f3w i restrukturyzacji, odliczenie z tytu\u0142u udzia\u0142\u00f3w, finansowanie, podatek u \u017ar\u00f3d\u0142a, op\u0142ata skarbowa od emisji, VAT oraz ciche rezerwy na pocz\u0105tku lub na ko\u0144cu szwajcarskiego obowi\u0105zku podatkowego. Zasada ceny rynkowej ma zastosowanie do transakcji transgranicznych; w przypadku przeniesienia funkcji zarz\u0105dczych lub tworz\u0105cych warto\u015b\u0107 mo\u017ce by\u0107 konieczne dostosowanie cen transferowych i um\u00f3w. Interpretacje wst\u0119pne i interpretacje podatkowe zapewniaj\u0105 pewno\u015b\u0107 prawn\u0105 wy\u0142\u0105cznie w odniesieniu do ujawnionych i faktycznie zrealizowanych okoliczno\u015bci \u2014 szwajcarska interpretacja nie wi\u0105\u017ce organ\u00f3w zagranicznych.<\/p>\n<p><strong>OSOBY FIZYCZNE<\/strong><\/p>\n<p>W przypadku podw\u00f3jnej rezydencji powstaje kwestia przyporz\u0105dkowania na podstawie w\u0142a\u015bciwej umowy podatkowej. Opodatkowanie rycza\u0142towe nie jest og\u00f3lnym przywilejem dla nowo przyby\u0142ych; wymaga mi\u0119dzy innymi, aby w Szwajcarii nie by\u0142a wykonywana dzia\u0142alno\u015b\u0107 zarobkowa oraz aby dana osoba osiedla\u0142a si\u0119 po raz pierwszy lub po co najmniej dziesi\u0119cioletniej nieobecno\u015bci. Kantonalne podatki od maj\u0105tku, spadk\u00f3w i darowizn, a tak\u017ce istniej\u0105ce umowy ma\u0142\u017ce\u0144skie, spadkowe czy wsp\u00f3lnik\u00f3w, nale\u017cy sprawdzi\u0107 przed przeprowadzk\u0105.<\/p>\n<ol start=\"5\">\n<li>\n<h2><strong>Co jest najwa\u017cniejsze przy wdro\u017ceniu?<\/strong><\/h2>\n<\/li>\n<\/ol>\n<p><strong>FIRMY<\/strong><\/p>\n<p>Punktem wyj\u015bcia jest inwentaryzacja zaanga\u017cowanych os\u00f3b, sp\u00f3\u0142ek, funkcji, aktyw\u00f3w, um\u00f3w i zezwole\u0144, a nast\u0119pnie struktura docelowa z jasnym podzia\u0142em odpowiedzialno\u015bci i harmonogramem. Macierz decyzji i zale\u017cno\u015bci pokazuje, kt\u00f3re dzia\u0142anie wymaga kt\u00f3rego zezwolenia lub kwestii wst\u0119pnej, kto jest za nie odpowiedzialny i jaki termin obowi\u0105zuje. Sp\u00f3\u0142ka za\u0142o\u017cona przed ustaleniem jej funkcji i personelu mo\u017ce w niekt\u00f3rych przypadkach pozosta\u0107 wydmuszk\u0105 bez realnej substancji. Kontrola nast\u0119pcza po pierwszym roku obrotowym powinna uzgodni\u0107 dni podr\u00f3\u017cy, decyzje zarz\u0105dcze, personel, umowy, alokacj\u0119 koszt\u00f3w i warunki zezwole\u0144 \u2014 relokacja jest kompletna dopiero wtedy, gdy struktura jest operacyjnie stabilna.<\/p>\n<p><strong>OSOBY FIZYCZNE<\/strong><\/p>\n<p>Przeniesienie aktyw\u00f3w lub zmiana miejsca zamieszkania dokonane przed wyja\u015bnieniem sytuacji w zakresie podatku od wyj\u015bcia w kraju pochodzenia mog\u0105 wywo\u0142a\u0107 konsekwencje podatkowe, kt\u00f3rych nie da si\u0119 ju\u017c skorygowa\u0107. Szwajcarskie planowanie musi zatem by\u0107 uzgodnione z prawem kraju pochodzenia, w szczeg\u00f3lno\u015bci w odniesieniu do podatku od wyj\u015bcia, porzucenia miejsca zamieszkania i obowi\u0105zk\u00f3w sprawozdawczych. Po wdro\u017ceniu struktur\u0119 nale\u017cy nadal monitorowa\u0107, poniewa\u017c zmiany miejsca zamieszkania lub dzia\u0142alno\u015bci mog\u0105 zmieni\u0107 zezwolenia i rezydencj\u0119 podatkow\u0105.<\/p>\n<p>&nbsp;<\/p>\n<p>Niniejszy artyku\u0142 stanowi skr\u00f3con\u0105 wersj\u0119 pe\u0142nego artyku\u0142u dr. Alexandra Schiemenza. <a href=\"https:\/\/anwaltsrevue.recht.ch\/de\/epaper\/21250\/detail#327\"><strong>Przeczytaj pe\u0142n\u0105 publikacj\u0119 w Anwaltsrevue (St\u00e4mpfli Verlag) \u2192<\/strong><\/a><\/p>\n<h2><strong>Jak zapewni\u0107 powodzenie relokacji do Szwajcarii<\/strong><\/h2>\n<p>Relokacja os\u00f3b fizycznych i firm to wzajemnie powi\u0105zane projekty prawne. Najwa\u017cniejsze s\u0105 struktura docelowa, kolejno\u015b\u0107 dzia\u0142a\u0144, koordynacja z organami oraz wdro\u017cenie, kt\u00f3re jest rzeczywi\u015bcie realizowane i udokumentowane. Nasz zesp\u00f3\u0142 doradza osobom fizycznym, rodzinom przedsi\u0119biorc\u00f3w i firmom w zakresie relokacji do Szwajcarii. Skontaktuj si\u0119 z nami, aby um\u00f3wi\u0107 bezp\u0142atn\u0105 wst\u0119pn\u0105 konsultacj\u0119.<\/p>\n<h2><strong>Warsztat online: Relokacja firmy do Szwajcarii<\/strong><\/h2>\n<p>Zg\u0142\u0119b ten temat na naszym warsztacie online po\u015bwi\u0119conym <em>Relokacji do Szwajcarii dla mi\u0119dzynarodowych przedsi\u0119biorstw, korporacji, przedsi\u0119biorc\u00f3w i inwestor\u00f3w.<\/em><br \/>\n<strong>3 wrze\u015bnia 2026 | 11:00 (CEST) | Online przez Microsoft Teams<\/strong><\/p>\n<p><a href=\"https:\/\/lindemannlaw.ch\/pl\/events\/relocation-to-switzerland-for-international-businesses-corporations-entrepreneurs-and-investors\/\"><strong>Zarejestruj si\u0119 teraz na warsztat online \u2192<\/strong><\/a><\/p>\n","protected":false},"excerpt":{"rendered":"<p>Relokacja do Szwajcarii to co\u015b wi\u0119cej ni\u017c kwestia zezwole\u0144 czy podatk\u00f3w. Dla os\u00f3b fizycznych, przedsi\u0119biorc\u00f3w i firm prawo imigracyjne, prawo pracy, prawo podatkowe i prawo sp\u00f3\u0142ek s\u0105 ze sob\u0105 \u015bci\u015ble powi\u0105zane. Os\u00f3b fizycznych i firm nie mo\u017cna w tym kontek\u015bcie ca\u0142kowicie rozdzieli\u0107: gdy przedsi\u0119biorca przenosi o\u015brodek swojego \u017cycia, cz\u0119sto przenoszone s\u0105 r\u00f3wnie\u017c funkcje zarz\u0105dcze, udzia\u0142y [&hellip;]<\/p>\n","protected":false},"author":19,"featured_media":26600,"comment_status":"closed","ping_status":"closed","sticky":false,"template":"","format":"standard","meta":{"_acf_changed":false,"site-sidebar-layout":"default","site-content-layout":"","ast-site-content-layout":"default","site-content-style":"default","site-sidebar-style":"default","ast-global-header-display":"","ast-banner-title-visibility":"","ast-main-header-display":"","ast-hfb-above-header-display":"","ast-hfb-below-header-display":"","ast-hfb-mobile-header-display":"","site-post-title":"","ast-breadcrumbs-content":"","ast-featured-img":"","footer-sml-layout":"","ast-disable-related-posts":"","theme-transparent-header-meta":"default","adv-header-id-meta":"","stick-header-meta":"","header-above-stick-meta":"","header-main-stick-meta":"","header-below-stick-meta":"","astra-migrate-meta-layouts":"set","ast-page-background-enabled":"default","ast-page-background-meta":{"desktop":{"background-color":"var(--ast-global-color-4)","background-image":"","background-repeat":"repeat","background-position":"center center","background-size":"auto","background-attachment":"scroll","background-type":"","background-media":"","overlay-type":"","overlay-color":"","overlay-opacity":"","overlay-gradient":""},"tablet":{"background-color":"","background-image":"","background-repeat":"repeat","background-position":"center center","background-size":"auto","background-attachment":"scroll","background-type":"","background-media":"","overlay-type":"","overlay-color":"","overlay-opacity":"","overlay-gradient":""},"mobile":{"background-color":"","background-image":"","background-repeat":"repeat","background-position":"center center","background-size":"auto","background-attachment":"scroll","background-type":"","background-media":"","overlay-type":"","overlay-color":"","overlay-opacity":"","overlay-gradient":""}},"ast-content-background-meta":{"desktop":{"background-color":"var(--ast-global-color-5)","background-image":"","background-repeat":"repeat","background-position":"center center","background-size":"auto","background-attachment":"scroll","background-type":"","background-media":"","overlay-type":"","overlay-color":"","overlay-opacity":"","overlay-gradient":""},"tablet":{"background-color":"var(--ast-global-color-5)","background-image":"","background-repeat":"repeat","background-position":"center center","background-size":"auto","background-attachment":"scroll","background-type":"","background-media":"","overlay-type":"","overlay-color":"","overlay-opacity":"","overlay-gradient":""},"mobile":{"background-color":"var(--ast-global-color-5)","background-image":"","background-repeat":"repeat","background-position":"center center","background-size":"auto","background-attachment":"scroll","background-type":"","background-media":"","overlay-type":"","overlay-color":"","overlay-opacity":"","overlay-gradient":""}},"footnotes":""},"categories":[492],"tags":[],"related_contact":[201],"expertise":[551,587,584,547,612,615,553,588],"class_list":["post-26052","post","type-post","status-publish","format-standard","has-post-thumbnail","hentry","category-bez-kategorii"],"acf":[],"yoast_head":"<!-- This site is optimized with the Yoast SEO Premium plugin v28.3 (Yoast SEO v28.3) - https:\/\/yoast.com\/product\/yoast-seo-premium-wordpress\/ -->\n<title>Relokacja firmy do Szwajcarii: pi\u0119\u0107 kluczowych pyta\u0144 dla przedsi\u0119biorstw i ich za\u0142o\u017cycieli | Lindemann Law<\/title>\n<meta name=\"description\" content=\"Relokacja firmy do Szwajcarii: pi\u0119\u0107 kluczowych pyta\u0144 o struktur\u0119 prawn\u0105, zezwolenia, podatki i podatek od wyj\u015bcia dla przedsi\u0119biorstw i ich za\u0142o\u017cycieli.\" \/>\n<meta name=\"robots\" content=\"index, follow, max-snippet:-1, max-image-preview:large, max-video-preview:-1\" \/>\n<link rel=\"canonical\" href=\"https:\/\/lindemannlaw.ch\/pl\/bez-kategorii\/relokacja-firmy-do-szwajcarii-piec-kluczowych-pytan\/\" \/>\n<meta property=\"og:locale\" content=\"pl_PL\" \/>\n<meta property=\"og:type\" content=\"article\" \/>\n<meta property=\"og:title\" content=\"Relokacja firmy do Szwajcarii: pi\u0119\u0107 kluczowych pyta\u0144 dla przedsi\u0119biorstw i ich za\u0142o\u017cycieli\" \/>\n<meta property=\"og:description\" content=\"Relokacja firmy do Szwajcarii: pi\u0119\u0107 kluczowych pyta\u0144 o struktur\u0119 prawn\u0105, zezwolenia, podatki i podatek od wyj\u015bcia dla przedsi\u0119biorstw i ich za\u0142o\u017cycieli.\" \/>\n<meta property=\"og:url\" content=\"https:\/\/lindemannlaw.ch\/pl\/bez-kategorii\/relokacja-firmy-do-szwajcarii-piec-kluczowych-pytan\/\" \/>\n<meta property=\"og:site_name\" content=\"Lindemann Law\" \/>\n<meta property=\"article:published_time\" content=\"2026-08-31T08:38:45+00:00\" \/>\n<meta property=\"article:modified_time\" content=\"2026-08-31T09:37:13+00:00\" \/>\n<meta property=\"og:image\" content=\"https:\/\/lindemannlaw.ch\/wp-content\/uploads\/2026\/08\/insight-web-copy.webp\" \/>\n\t<meta property=\"og:image:width\" content=\"1600\" \/>\n\t<meta property=\"og:image:height\" content=\"900\" \/>\n\t<meta property=\"og:image:type\" content=\"image\/webp\" \/>\n<meta name=\"author\" content=\"LINDEMANN\" \/>\n<meta name=\"twitter:card\" content=\"summary_large_image\" \/>\n<meta name=\"twitter:creator\" content=\"@Lindemann_law\" \/>\n<meta name=\"twitter:site\" content=\"@Lindemann_law\" \/>\n<meta name=\"twitter:label1\" content=\"Napisane przez\" \/>\n\t<meta name=\"twitter:data1\" content=\"LINDEMANN\" \/>\n\t<meta name=\"twitter:label2\" content=\"Szacowany czas czytania\" \/>\n\t<meta name=\"twitter:data2\" content=\"5 minut\" \/>\n<script type=\"application\/ld+json\" class=\"yoast-schema-graph\">{\"@context\":\"https:\\\/\\\/schema.org\",\"@graph\":[{\"@type\":\"Article\",\"@id\":\"https:\\\/\\\/lindemannlaw.ch\\\/pl\\\/bez-kategorii\\\/relokacja-firmy-do-szwajcarii-piec-kluczowych-pytan\\\/#article\",\"isPartOf\":{\"@id\":\"https:\\\/\\\/lindemannlaw.ch\\\/pl\\\/bez-kategorii\\\/relokacja-firmy-do-szwajcarii-piec-kluczowych-pytan\\\/\"},\"author\":{\"name\":\"LINDEMANN\",\"@id\":\"https:\\\/\\\/lindemannlaw.ch\\\/pl\\\/#\\\/schema\\\/person\\\/13c7262ec98b677ee605680c32d9e377\"},\"headline\":\"Relokacja firmy do Szwajcarii: pi\u0119\u0107 kluczowych pyta\u0144 dla przedsi\u0119biorstw i ich za\u0142o\u017cycieli\",\"datePublished\":\"2026-08-31T08:38:45+00:00\",\"dateModified\":\"2026-08-31T09:37:13+00:00\",\"mainEntityOfPage\":{\"@id\":\"https:\\\/\\\/lindemannlaw.ch\\\/pl\\\/bez-kategorii\\\/relokacja-firmy-do-szwajcarii-piec-kluczowych-pytan\\\/\"},\"wordCount\":1369,\"publisher\":{\"@id\":\"https:\\\/\\\/lindemannlaw.ch\\\/pl\\\/#organization\"},\"image\":{\"@id\":\"https:\\\/\\\/lindemannlaw.ch\\\/pl\\\/bez-kategorii\\\/relokacja-firmy-do-szwajcarii-piec-kluczowych-pytan\\\/#primaryimage\"},\"thumbnailUrl\":\"https:\\\/\\\/lindemannlaw.ch\\\/wp-content\\\/uploads\\\/2026\\\/08\\\/insight-web-copy.webp\",\"inLanguage\":\"pl-PL\"},{\"@type\":\"WebPage\",\"@id\":\"https:\\\/\\\/lindemannlaw.ch\\\/pl\\\/bez-kategorii\\\/relokacja-firmy-do-szwajcarii-piec-kluczowych-pytan\\\/\",\"url\":\"https:\\\/\\\/lindemannlaw.ch\\\/pl\\\/bez-kategorii\\\/relokacja-firmy-do-szwajcarii-piec-kluczowych-pytan\\\/\",\"name\":\"Relokacja firmy do Szwajcarii: pi\u0119\u0107 kluczowych pyta\u0144 dla przedsi\u0119biorstw i ich za\u0142o\u017cycieli | Lindemann Law\",\"isPartOf\":{\"@id\":\"https:\\\/\\\/lindemannlaw.ch\\\/pl\\\/#website\"},\"primaryImageOfPage\":{\"@id\":\"https:\\\/\\\/lindemannlaw.ch\\\/pl\\\/bez-kategorii\\\/relokacja-firmy-do-szwajcarii-piec-kluczowych-pytan\\\/#primaryimage\"},\"image\":{\"@id\":\"https:\\\/\\\/lindemannlaw.ch\\\/pl\\\/bez-kategorii\\\/relokacja-firmy-do-szwajcarii-piec-kluczowych-pytan\\\/#primaryimage\"},\"thumbnailUrl\":\"https:\\\/\\\/lindemannlaw.ch\\\/wp-content\\\/uploads\\\/2026\\\/08\\\/insight-web-copy.webp\",\"datePublished\":\"2026-08-31T08:38:45+00:00\",\"dateModified\":\"2026-08-31T09:37:13+00:00\",\"description\":\"Relokacja firmy do Szwajcarii: pi\u0119\u0107 kluczowych pyta\u0144 o struktur\u0119 prawn\u0105, zezwolenia, podatki i podatek od wyj\u015bcia dla przedsi\u0119biorstw i ich za\u0142o\u017cycieli.\",\"breadcrumb\":{\"@id\":\"https:\\\/\\\/lindemannlaw.ch\\\/pl\\\/bez-kategorii\\\/relokacja-firmy-do-szwajcarii-piec-kluczowych-pytan\\\/#breadcrumb\"},\"inLanguage\":\"pl-PL\",\"potentialAction\":[{\"@type\":\"ReadAction\",\"target\":[\"https:\\\/\\\/lindemannlaw.ch\\\/pl\\\/bez-kategorii\\\/relokacja-firmy-do-szwajcarii-piec-kluczowych-pytan\\\/\"]}]},{\"@type\":\"ImageObject\",\"inLanguage\":\"pl-PL\",\"@id\":\"https:\\\/\\\/lindemannlaw.ch\\\/pl\\\/bez-kategorii\\\/relokacja-firmy-do-szwajcarii-piec-kluczowych-pytan\\\/#primaryimage\",\"url\":\"https:\\\/\\\/lindemannlaw.ch\\\/wp-content\\\/uploads\\\/2026\\\/08\\\/insight-web-copy.webp\",\"contentUrl\":\"https:\\\/\\\/lindemannlaw.ch\\\/wp-content\\\/uploads\\\/2026\\\/08\\\/insight-web-copy.webp\",\"width\":1600,\"height\":900},{\"@type\":\"BreadcrumbList\",\"@id\":\"https:\\\/\\\/lindemannlaw.ch\\\/pl\\\/bez-kategorii\\\/relokacja-firmy-do-szwajcarii-piec-kluczowych-pytan\\\/#breadcrumb\",\"itemListElement\":[{\"@type\":\"ListItem\",\"position\":1,\"name\":\"Home\",\"item\":\"https:\\\/\\\/lindemannlaw.ch\\\/pl\\\/\"},{\"@type\":\"ListItem\",\"position\":2,\"name\":\"Bez kategorii\",\"item\":\"https:\\\/\\\/lindemannlaw.ch\\\/pl\\\/category\\\/bez-kategorii\\\/\"},{\"@type\":\"ListItem\",\"position\":3,\"name\":\"Relokacja firmy do Szwajcarii: pi\u0119\u0107 kluczowych pyta\u0144 dla przedsi\u0119biorstw i ich za\u0142o\u017cycieli\"}]},{\"@type\":\"WebSite\",\"@id\":\"https:\\\/\\\/lindemannlaw.ch\\\/pl\\\/#website\",\"url\":\"https:\\\/\\\/lindemannlaw.ch\\\/pl\\\/\",\"name\":\"Lindemann Law\",\"description\":\"Asset Management legal services\",\"publisher\":{\"@id\":\"https:\\\/\\\/lindemannlaw.ch\\\/pl\\\/#organization\"},\"potentialAction\":[{\"@type\":\"SearchAction\",\"target\":{\"@type\":\"EntryPoint\",\"urlTemplate\":\"https:\\\/\\\/lindemannlaw.ch\\\/pl\\\/?s={search_term_string}\"},\"query-input\":{\"@type\":\"PropertyValueSpecification\",\"valueRequired\":true,\"valueName\":\"search_term_string\"}}],\"inLanguage\":\"pl-PL\"},{\"@type\":\"Organization\",\"@id\":\"https:\\\/\\\/lindemannlaw.ch\\\/pl\\\/#organization\",\"name\":\"Lindemann Law\",\"url\":\"https:\\\/\\\/lindemannlaw.ch\\\/pl\\\/\",\"logo\":{\"@type\":\"ImageObject\",\"inLanguage\":\"pl-PL\",\"@id\":\"https:\\\/\\\/lindemannlaw.ch\\\/pl\\\/#\\\/schema\\\/logo\\\/image\\\/\",\"url\":\"https:\\\/\\\/lindemannlaw.ch\\\/wp-content\\\/uploads\\\/2021\\\/01\\\/logo-lindemannlaw_cropped.png\",\"contentUrl\":\"https:\\\/\\\/lindemannlaw.ch\\\/wp-content\\\/uploads\\\/2021\\\/01\\\/logo-lindemannlaw_cropped.png\",\"width\":150,\"height\":73,\"caption\":\"Lindemann Law\"},\"image\":{\"@id\":\"https:\\\/\\\/lindemannlaw.ch\\\/pl\\\/#\\\/schema\\\/logo\\\/image\\\/\"},\"sameAs\":[\"https:\\\/\\\/x.com\\\/Lindemann_law\",\"https:\\\/\\\/www.linkedin.com\\\/company\\\/lindemannlaw\\\/\"]},{\"@type\":\"Person\",\"@id\":\"https:\\\/\\\/lindemannlaw.ch\\\/pl\\\/#\\\/schema\\\/person\\\/13c7262ec98b677ee605680c32d9e377\",\"name\":\"LINDEMANN\",\"image\":{\"@type\":\"ImageObject\",\"inLanguage\":\"pl-PL\",\"@id\":\"https:\\\/\\\/secure.gravatar.com\\\/avatar\\\/aabce4a6c345deffaa07d68e9dca61e186138cb2a1d9602ba8135cbee6dd9ef2?s=96&d=mm&r=g\",\"url\":\"https:\\\/\\\/secure.gravatar.com\\\/avatar\\\/aabce4a6c345deffaa07d68e9dca61e186138cb2a1d9602ba8135cbee6dd9ef2?s=96&d=mm&r=g\",\"contentUrl\":\"https:\\\/\\\/secure.gravatar.com\\\/avatar\\\/aabce4a6c345deffaa07d68e9dca61e186138cb2a1d9602ba8135cbee6dd9ef2?s=96&d=mm&r=g\",\"caption\":\"LINDEMANN\"}}]}<\/script>\n<!-- \/ Yoast SEO Premium plugin. -->","yoast_head_json":{"title":"Relokacja firmy do Szwajcarii: pi\u0119\u0107 kluczowych pyta\u0144 dla przedsi\u0119biorstw i ich za\u0142o\u017cycieli | Lindemann Law","description":"Relokacja firmy do Szwajcarii: pi\u0119\u0107 kluczowych pyta\u0144 o struktur\u0119 prawn\u0105, zezwolenia, podatki i podatek od wyj\u015bcia dla przedsi\u0119biorstw i ich za\u0142o\u017cycieli.","robots":{"index":"index","follow":"follow","max-snippet":"max-snippet:-1","max-image-preview":"max-image-preview:large","max-video-preview":"max-video-preview:-1"},"canonical":"https:\/\/lindemannlaw.ch\/pl\/bez-kategorii\/relokacja-firmy-do-szwajcarii-piec-kluczowych-pytan\/","og_locale":"pl_PL","og_type":"article","og_title":"Relokacja firmy do Szwajcarii: pi\u0119\u0107 kluczowych pyta\u0144 dla przedsi\u0119biorstw i ich za\u0142o\u017cycieli","og_description":"Relokacja firmy do Szwajcarii: pi\u0119\u0107 kluczowych pyta\u0144 o struktur\u0119 prawn\u0105, zezwolenia, podatki i podatek od wyj\u015bcia dla przedsi\u0119biorstw i ich za\u0142o\u017cycieli.","og_url":"https:\/\/lindemannlaw.ch\/pl\/bez-kategorii\/relokacja-firmy-do-szwajcarii-piec-kluczowych-pytan\/","og_site_name":"Lindemann Law","article_published_time":"2026-08-31T08:38:45+00:00","article_modified_time":"2026-08-31T09:37:13+00:00","og_image":[{"width":1600,"height":900,"url":"https:\/\/lindemannlaw.ch\/wp-content\/uploads\/2026\/08\/insight-web-copy.webp","type":"image\/webp"}],"author":"LINDEMANN","twitter_card":"summary_large_image","twitter_creator":"@Lindemann_law","twitter_site":"@Lindemann_law","twitter_misc":{"Napisane przez":"LINDEMANN","Szacowany czas czytania":"5 minut"},"schema":{"@context":"https:\/\/schema.org","@graph":[{"@type":"Article","@id":"https:\/\/lindemannlaw.ch\/pl\/bez-kategorii\/relokacja-firmy-do-szwajcarii-piec-kluczowych-pytan\/#article","isPartOf":{"@id":"https:\/\/lindemannlaw.ch\/pl\/bez-kategorii\/relokacja-firmy-do-szwajcarii-piec-kluczowych-pytan\/"},"author":{"name":"LINDEMANN","@id":"https:\/\/lindemannlaw.ch\/pl\/#\/schema\/person\/13c7262ec98b677ee605680c32d9e377"},"headline":"Relokacja firmy do Szwajcarii: pi\u0119\u0107 kluczowych pyta\u0144 dla przedsi\u0119biorstw i ich za\u0142o\u017cycieli","datePublished":"2026-08-31T08:38:45+00:00","dateModified":"2026-08-31T09:37:13+00:00","mainEntityOfPage":{"@id":"https:\/\/lindemannlaw.ch\/pl\/bez-kategorii\/relokacja-firmy-do-szwajcarii-piec-kluczowych-pytan\/"},"wordCount":1369,"publisher":{"@id":"https:\/\/lindemannlaw.ch\/pl\/#organization"},"image":{"@id":"https:\/\/lindemannlaw.ch\/pl\/bez-kategorii\/relokacja-firmy-do-szwajcarii-piec-kluczowych-pytan\/#primaryimage"},"thumbnailUrl":"https:\/\/lindemannlaw.ch\/wp-content\/uploads\/2026\/08\/insight-web-copy.webp","inLanguage":"pl-PL"},{"@type":"WebPage","@id":"https:\/\/lindemannlaw.ch\/pl\/bez-kategorii\/relokacja-firmy-do-szwajcarii-piec-kluczowych-pytan\/","url":"https:\/\/lindemannlaw.ch\/pl\/bez-kategorii\/relokacja-firmy-do-szwajcarii-piec-kluczowych-pytan\/","name":"Relokacja firmy do Szwajcarii: pi\u0119\u0107 kluczowych pyta\u0144 dla przedsi\u0119biorstw i ich za\u0142o\u017cycieli | Lindemann Law","isPartOf":{"@id":"https:\/\/lindemannlaw.ch\/pl\/#website"},"primaryImageOfPage":{"@id":"https:\/\/lindemannlaw.ch\/pl\/bez-kategorii\/relokacja-firmy-do-szwajcarii-piec-kluczowych-pytan\/#primaryimage"},"image":{"@id":"https:\/\/lindemannlaw.ch\/pl\/bez-kategorii\/relokacja-firmy-do-szwajcarii-piec-kluczowych-pytan\/#primaryimage"},"thumbnailUrl":"https:\/\/lindemannlaw.ch\/wp-content\/uploads\/2026\/08\/insight-web-copy.webp","datePublished":"2026-08-31T08:38:45+00:00","dateModified":"2026-08-31T09:37:13+00:00","description":"Relokacja firmy do Szwajcarii: pi\u0119\u0107 kluczowych pyta\u0144 o struktur\u0119 prawn\u0105, zezwolenia, podatki i podatek od wyj\u015bcia dla przedsi\u0119biorstw i ich za\u0142o\u017cycieli.","breadcrumb":{"@id":"https:\/\/lindemannlaw.ch\/pl\/bez-kategorii\/relokacja-firmy-do-szwajcarii-piec-kluczowych-pytan\/#breadcrumb"},"inLanguage":"pl-PL","potentialAction":[{"@type":"ReadAction","target":["https:\/\/lindemannlaw.ch\/pl\/bez-kategorii\/relokacja-firmy-do-szwajcarii-piec-kluczowych-pytan\/"]}]},{"@type":"ImageObject","inLanguage":"pl-PL","@id":"https:\/\/lindemannlaw.ch\/pl\/bez-kategorii\/relokacja-firmy-do-szwajcarii-piec-kluczowych-pytan\/#primaryimage","url":"https:\/\/lindemannlaw.ch\/wp-content\/uploads\/2026\/08\/insight-web-copy.webp","contentUrl":"https:\/\/lindemannlaw.ch\/wp-content\/uploads\/2026\/08\/insight-web-copy.webp","width":1600,"height":900},{"@type":"BreadcrumbList","@id":"https:\/\/lindemannlaw.ch\/pl\/bez-kategorii\/relokacja-firmy-do-szwajcarii-piec-kluczowych-pytan\/#breadcrumb","itemListElement":[{"@type":"ListItem","position":1,"name":"Home","item":"https:\/\/lindemannlaw.ch\/pl\/"},{"@type":"ListItem","position":2,"name":"Bez kategorii","item":"https:\/\/lindemannlaw.ch\/pl\/category\/bez-kategorii\/"},{"@type":"ListItem","position":3,"name":"Relokacja firmy do Szwajcarii: pi\u0119\u0107 kluczowych pyta\u0144 dla przedsi\u0119biorstw i ich za\u0142o\u017cycieli"}]},{"@type":"WebSite","@id":"https:\/\/lindemannlaw.ch\/pl\/#website","url":"https:\/\/lindemannlaw.ch\/pl\/","name":"Lindemann Law","description":"Asset Management legal services","publisher":{"@id":"https:\/\/lindemannlaw.ch\/pl\/#organization"},"potentialAction":[{"@type":"SearchAction","target":{"@type":"EntryPoint","urlTemplate":"https:\/\/lindemannlaw.ch\/pl\/?s={search_term_string}"},"query-input":{"@type":"PropertyValueSpecification","valueRequired":true,"valueName":"search_term_string"}}],"inLanguage":"pl-PL"},{"@type":"Organization","@id":"https:\/\/lindemannlaw.ch\/pl\/#organization","name":"Lindemann Law","url":"https:\/\/lindemannlaw.ch\/pl\/","logo":{"@type":"ImageObject","inLanguage":"pl-PL","@id":"https:\/\/lindemannlaw.ch\/pl\/#\/schema\/logo\/image\/","url":"https:\/\/lindemannlaw.ch\/wp-content\/uploads\/2021\/01\/logo-lindemannlaw_cropped.png","contentUrl":"https:\/\/lindemannlaw.ch\/wp-content\/uploads\/2021\/01\/logo-lindemannlaw_cropped.png","width":150,"height":73,"caption":"Lindemann Law"},"image":{"@id":"https:\/\/lindemannlaw.ch\/pl\/#\/schema\/logo\/image\/"},"sameAs":["https:\/\/x.com\/Lindemann_law","https:\/\/www.linkedin.com\/company\/lindemannlaw\/"]},{"@type":"Person","@id":"https:\/\/lindemannlaw.ch\/pl\/#\/schema\/person\/13c7262ec98b677ee605680c32d9e377","name":"LINDEMANN","image":{"@type":"ImageObject","inLanguage":"pl-PL","@id":"https:\/\/secure.gravatar.com\/avatar\/aabce4a6c345deffaa07d68e9dca61e186138cb2a1d9602ba8135cbee6dd9ef2?s=96&d=mm&r=g","url":"https:\/\/secure.gravatar.com\/avatar\/aabce4a6c345deffaa07d68e9dca61e186138cb2a1d9602ba8135cbee6dd9ef2?s=96&d=mm&r=g","contentUrl":"https:\/\/secure.gravatar.com\/avatar\/aabce4a6c345deffaa07d68e9dca61e186138cb2a1d9602ba8135cbee6dd9ef2?s=96&d=mm&r=g","caption":"LINDEMANN"}}]}},"_links":{"self":[{"href":"https:\/\/lindemannlaw.ch\/pl\/wp-json\/wp\/v2\/posts\/26052","targetHints":{"allow":["GET"]}}],"collection":[{"href":"https:\/\/lindemannlaw.ch\/pl\/wp-json\/wp\/v2\/posts"}],"about":[{"href":"https:\/\/lindemannlaw.ch\/pl\/wp-json\/wp\/v2\/types\/post"}],"author":[{"embeddable":true,"href":"https:\/\/lindemannlaw.ch\/pl\/wp-json\/wp\/v2\/users\/19"}],"replies":[{"embeddable":true,"href":"https:\/\/lindemannlaw.ch\/pl\/wp-json\/wp\/v2\/comments?post=26052"}],"version-history":[{"count":6,"href":"https:\/\/lindemannlaw.ch\/pl\/wp-json\/wp\/v2\/posts\/26052\/revisions"}],"predecessor-version":[{"id":26618,"href":"https:\/\/lindemannlaw.ch\/pl\/wp-json\/wp\/v2\/posts\/26052\/revisions\/26618"}],"wp:featuredmedia":[{"embeddable":true,"href":"https:\/\/lindemannlaw.ch\/pl\/wp-json\/wp\/v2\/media\/26600"}],"wp:attachment":[{"href":"https:\/\/lindemannlaw.ch\/pl\/wp-json\/wp\/v2\/media?parent=26052"}],"wp:term":[{"taxonomy":"category","embeddable":true,"href":"https:\/\/lindemannlaw.ch\/pl\/wp-json\/wp\/v2\/categories?post=26052"},{"taxonomy":"post_tag","embeddable":true,"href":"https:\/\/lindemannlaw.ch\/pl\/wp-json\/wp\/v2\/tags?post=26052"},{"taxonomy":"related_contact","embeddable":true,"href":"https:\/\/lindemannlaw.ch\/pl\/wp-json\/wp\/v2\/related_contact?post=26052"},{"taxonomy":"expertise","embeddable":true,"href":"https:\/\/lindemannlaw.ch\/pl\/wp-json\/wp\/v2\/expertise?post=26052"}],"curies":[{"name":"wp","href":"https:\/\/api.w.org\/{rel}","templated":true}]}}